{"id":145123,"date":"2022-04-01T12:23:52","date_gmt":"2022-04-01T08:23:52","guid":{"rendered":""},"modified":"-0001-11-30T00:00:00","modified_gmt":"-0001-11-29T20:00:00","slug":"","status":"publish","type":"post","link":"https:\/\/ucnoqta.az\/?p=145123","title":{"rendered":"A\u011fdamda Britaniya istehsal\u0131 olan x\u00fcsusi minaa\u015fkarlayan dronlar var"},"content":{"rendered":"<p><strong>&ldquo;Az\u0259rbaycanl\u0131 m\u0259cburi k&ouml;&ccedil;k&uuml;nl\u0259r &ouml;z do\u011fma yurdlar\u0131na qay\u0131tmaq arzusundad\u0131rlar, biz d\u0259 bu ist\u0259yi d\u0259st\u0259kl\u0259yirik v\u0259 bu s\u0259b\u0259bd\u0259n&nbsp;i\u015f\u011faldan azad edilmi\u015f \u0259razil\u0259rin b\u0259rpas\u0131na d\u0259st\u0259k veririk&rdquo;.<\/strong><\/p>\n<p>&ldquo;Report&rdquo; x\u0259b\u0259r verir ki, bunu B&ouml;y&uuml;k Britaniyan\u0131n Az\u0259rbaycandak\u0131 s\u0259firi Ceyms \u015earp Bak\u0131da ke&ccedil;iril\u0259n &ldquo;Humanitar Minat\u0259mizl\u0259m\u0259 F\u0259aliyy\u0259ti v\u0259 Dayan\u0131ql\u0131 \u0130nki\u015faf M\u0259qs\u0259dl\u0259ri&rdquo; adl\u0131 beyn\u0259lxalq konfransda deyib.<\/p>\n<p>S\u0259fir bildirib ki, B&ouml;y&uuml;k Britaniya \u0259razil\u0259rin minalardan t\u0259mizl\u0259nm\u0259si i\u015find\u0259 Az\u0259rbaycan Respublikas\u0131n\u0131n Minat\u0259mizl\u0259m\u0259 Agentliyin\u0259 (ANAMA) d\u0259st\u0259k verir:<\/p>\n<p>&ldquo;A\u011fdamda B&ouml;y&uuml;k Britaniya istehsal\u0131 olan x&uuml;susi minaa\u015fkarlayan dronlar var&rdquo;.<\/p>\n<p>O, h\u0259m&ccedil;inin i\u015f\u011faldan azad edilmi\u015f \u0259razil\u0259rin b\u0259rpa i\u015finin s&uuml;r\u0259tinin valehedici oldu\u011funu vur\u011fulay\u0131b.<\/p>\n<p>&nbsp;<\/p>\n","protected":false},"excerpt":{"rendered":"<p>&ldquo;Az\u0259rbaycanl\u0131 m\u0259cburi k&ouml;&ccedil;k&uuml;nl\u0259r &ouml;z do\u011fma yurdlar\u0131na qay\u0131tmaq arzusundad\u0131rlar, biz d\u0259 bu ist\u0259yi d\u0259st\u0259kl\u0259yirik v\u0259 bu s\u0259b\u0259bd\u0259n&nbsp;i\u015f\u011faldan azad edilmi\u015f \u0259razil\u0259rin b\u0259rpas\u0131na d\u0259st\u0259k veririk&rdquo;. &ldquo;Report&rdquo; x\u0259b\u0259r verir ki, bunu B&ouml;y&uuml;k Britaniyan\u0131n Az\u0259rbaycandak\u0131&hellip;<\/p>\n","protected":false},"author":1,"featured_media":251278,"comment_status":"open","ping_status":"open","sticky":false,"template":"","format":"standard","meta":{"_lmt_disableupdate":"","_lmt_disable":"","footnotes":""},"categories":[],"tags":[],"class_list":["post-145123","post","type-post","status-publish","format-standard","has-post-thumbnail","hentry"],"_links":{"self":[{"href":"https:\/\/ucnoqta.az\/index.php?rest_route=\/wp\/v2\/posts\/145123","targetHints":{"allow":["GET"]}}],"collection":[{"href":"https:\/\/ucnoqta.az\/index.php?rest_route=\/wp\/v2\/posts"}],"about":[{"href":"https:\/\/ucnoqta.az\/index.php?rest_route=\/wp\/v2\/types\/post"}],"author":[{"embeddable":true,"href":"https:\/\/ucnoqta.az\/index.php?rest_route=\/wp\/v2\/users\/1"}],"replies":[{"embeddable":true,"href":"https:\/\/ucnoqta.az\/index.php?rest_route=%2Fwp%2Fv2%2Fcomments&post=145123"}],"version-history":[{"count":0,"href":"https:\/\/ucnoqta.az\/index.php?rest_route=\/wp\/v2\/posts\/145123\/revisions"}],"wp:featuredmedia":[{"embeddable":true,"href":"https:\/\/ucnoqta.az\/index.php?rest_route=\/wp\/v2\/media\/251278"}],"wp:attachment":[{"href":"https:\/\/ucnoqta.az\/index.php?rest_route=%2Fwp%2Fv2%2Fmedia&parent=145123"}],"wp:term":[{"taxonomy":"category","embeddable":true,"href":"https:\/\/ucnoqta.az\/index.php?rest_route=%2Fwp%2Fv2%2Fcategories&post=145123"},{"taxonomy":"post_tag","embeddable":true,"href":"https:\/\/ucnoqta.az\/index.php?rest_route=%2Fwp%2Fv2%2Ftags&post=145123"}],"curies":[{"name":"wp","href":"https:\/\/api.w.org\/{rel}","templated":true}]}}