{"id":145120,"date":"2022-04-01T11:58:49","date_gmt":"2022-04-01T07:58:49","guid":{"rendered":""},"modified":"-0001-11-30T00:00:00","modified_gmt":"-0001-11-29T20:00:00","slug":"","status":"publish","type":"post","link":"https:\/\/ucnoqta.az\/?p=145120","title":{"rendered":"Kad\u0131rov Rusiyada yanacaqdoldurma m\u0259nt\u0259q\u0259sind\u0259 namaz q\u0131ld\u0131 &#8211; <font color=red><b>FOTO<\/b><\/font>"},"content":{"rendered":"<p><strong>Rusiyan\u0131n Ukraynan\u0131 i\u015f\u011fal etm\u0259k q\u0259rar\u0131ndan sonra b&ouml;lg\u0259y\u0259 minl\u0259rl\u0259 &ccedil;e&ccedil;en d&ouml;y&uuml;\u015f&ccedil;&uuml;s&uuml; g&ouml;nd\u0259r\u0259n&nbsp;&Ccedil;e&ccedil;en lideri Ramazan Kad\u0131rov yenid\u0259n g&uuml;nd\u0259m\u0259 g\u0259lib.<\/strong><\/p>\n<p>Bir m&uuml;dd\u0259tdir Ukraynada oldu\u011funu bildir\u0259n &Ccedil;e&ccedil;enistan r\u0259hb\u0259rinin \u0259slind\u0259 Rusiyada oldu\u011fu ortaya&nbsp;&ccedil;\u0131x\u0131b. Bel\u0259&nbsp; ki,&nbsp;Kad\u0131rovun yanacaqdoldurma m\u0259nt\u0259q\u0259sind\u0259 yan\u0131nda pulemyotlu \u0259sg\u0259rl\u0259rl\u0259 birlikd\u0259 namaz q\u0131ld\u0131\u011f\u0131 fotosu yay\u0131l\u0131b.&nbsp;<\/p>\n<p>&Ccedil;e&ccedil;en liderinin payla\u015fd\u0131\u011f\u0131 fotoda yaln\u0131z Rusiya Federasiyas\u0131nda yerl\u0259\u015f\u0259n &ldquo;Pulsar&rdquo; yanacaqdoldurma m\u0259nt\u0259q\u0259sinin loqosu g&ouml;r&uuml;n&uuml;r. &ldquo;Pulsar&rdquo;\u0131n Rusiya d&ouml;vl\u0259tinin n\u0259zar\u0259tind\u0259 olan &ldquo;Rosneft&rdquo; neft \u015firk\u0259tin\u0259 m\u0259xsus oldu\u011funu n\u0259z\u0259r\u0259 alsaq,&nbsp;Kad\u0131rovun&nbsp;Rusiya da oldu\u011funu t\u0259sdiq etmi\u015f olar\u0131q. \/\/\/unikal<\/p>\n","protected":false},"excerpt":{"rendered":"<p>Rusiyan\u0131n Ukraynan\u0131 i\u015f\u011fal etm\u0259k q\u0259rar\u0131ndan sonra b&ouml;lg\u0259y\u0259 minl\u0259rl\u0259 &ccedil;e&ccedil;en d&ouml;y&uuml;\u015f&ccedil;&uuml;s&uuml; g&ouml;nd\u0259r\u0259n&nbsp;&Ccedil;e&ccedil;en lideri Ramazan Kad\u0131rov yenid\u0259n g&uuml;nd\u0259m\u0259 g\u0259lib. Bir m&uuml;dd\u0259tdir Ukraynada oldu\u011funu bildir\u0259n &Ccedil;e&ccedil;enistan r\u0259hb\u0259rinin \u0259slind\u0259 Rusiyada oldu\u011fu ortaya&nbsp;&ccedil;\u0131x\u0131b. Bel\u0259&nbsp; ki,&nbsp;Kad\u0131rovun&hellip;<\/p>\n","protected":false},"author":1,"featured_media":251278,"comment_status":"open","ping_status":"open","sticky":false,"template":"","format":"standard","meta":{"_lmt_disableupdate":"","_lmt_disable":"","footnotes":""},"categories":[89],"tags":[],"class_list":["post-145120","post","type-post","status-publish","format-standard","has-post-thumbnail","hentry","category-dunya-butun-xeberler"],"_links":{"self":[{"href":"https:\/\/ucnoqta.az\/index.php?rest_route=\/wp\/v2\/posts\/145120","targetHints":{"allow":["GET"]}}],"collection":[{"href":"https:\/\/ucnoqta.az\/index.php?rest_route=\/wp\/v2\/posts"}],"about":[{"href":"https:\/\/ucnoqta.az\/index.php?rest_route=\/wp\/v2\/types\/post"}],"author":[{"embeddable":true,"href":"https:\/\/ucnoqta.az\/index.php?rest_route=\/wp\/v2\/users\/1"}],"replies":[{"embeddable":true,"href":"https:\/\/ucnoqta.az\/index.php?rest_route=%2Fwp%2Fv2%2Fcomments&post=145120"}],"version-history":[{"count":0,"href":"https:\/\/ucnoqta.az\/index.php?rest_route=\/wp\/v2\/posts\/145120\/revisions"}],"wp:featuredmedia":[{"embeddable":true,"href":"https:\/\/ucnoqta.az\/index.php?rest_route=\/wp\/v2\/media\/251278"}],"wp:attachment":[{"href":"https:\/\/ucnoqta.az\/index.php?rest_route=%2Fwp%2Fv2%2Fmedia&parent=145120"}],"wp:term":[{"taxonomy":"category","embeddable":true,"href":"https:\/\/ucnoqta.az\/index.php?rest_route=%2Fwp%2Fv2%2Fcategories&post=145120"},{"taxonomy":"post_tag","embeddable":true,"href":"https:\/\/ucnoqta.az\/index.php?rest_route=%2Fwp%2Fv2%2Ftags&post=145120"}],"curies":[{"name":"wp","href":"https:\/\/api.w.org\/{rel}","templated":true}]}}