{"id":145112,"date":"2022-04-01T11:08:53","date_gmt":"2022-04-01T07:08:53","guid":{"rendered":""},"modified":"-0001-11-30T00:00:00","modified_gmt":"-0001-11-29T20:00:00","slug":"","status":"publish","type":"post","link":"https:\/\/ucnoqta.az\/?p=145112","title":{"rendered":"Polisin c\u0259rim\u0259l\u0259diyi \u201cavto\u015f\u201d m\u0259hk\u0259m\u0259d\u0259 qalib g\u0259ldi &#8211;<font color=red><b> FOTO<\/b><\/font>"},"content":{"rendered":"<p><strong>Polisin&nbsp;avtoxuliqanl\u0131q madd\u0259si il\u0259 protokol t\u0259rtib etdiyi BMW markal\u0131 avtomobilin s&uuml;r&uuml;c&uuml;s&uuml; m\u0259hk\u0259m\u0259d\u0259 qalib g\u0259lib.&nbsp;<\/strong><\/p>\n<p>Bu bar\u0259d\u0259&nbsp;Oxu.Az-a rayon sakini Nicat Mehtiyev bildirib.<\/p>\n<p>O bildirib ki, Quba Rayon Polis \u015e&ouml;b\u0259sinin D&ouml;vl\u0259t Yol Polisi B&ouml;lm\u0259sinin \u0259m\u0259kda\u015flar\u0131 rayon \u0259razisind\u0259 ona yol h\u0259r\u0259k\u0259ti qaydalar\u0131n\u0131 kobud \u015f\u0259kild\u0259 pozmas\u0131 v\u0259 avtoxuliqanl\u0131q etm\u0259si il\u0259 ba\u011fl\u0131 protokol t\u0259rtib edibl\u0259r.&nbsp;<\/p>\n<p>Daha sonra Quba Rayon M\u0259hk\u0259m\u0259sinin q\u0259rar\u0131 il\u0259 n\u0259qliyyat vasit\u0259sini idar\u0259 etm\u0259k h&uuml;quqi iki il m&uuml;dd\u0259tin\u0259 m\u0259hdudla\u015fd\u0131r\u0131l\u0131b:<br \/>\n&nbsp;<br \/>\n&ldquo;Eyni zamanda, m\u0259n\u0259 2000 manat c\u0259rim\u0259 t\u0259tbiq edilmi\u015fdi. M\u0259n bu q\u0259rardan naraz\u0131 idim, &ccedil;&uuml;nki polis m\u0259n\u0259 yanl\u0131\u015f protokol t\u0259rtib edib. M\u0259n q\u0259rardan naraz\u0131 oldu\u011fum &uuml;&ccedil;&uuml;n Sumqay\u0131t Apellyasiya M\u0259hk\u0259m\u0259sin\u0259 m&uuml;raci\u0259t etdim.<\/p>\n<p>M\u0259hk\u0259m\u0259 m\u0259nim \u0259m\u0259ll\u0259rimd\u0259 511.3-c&uuml; madd\u0259sinin (iki v\u0259 ya daha art\u0131q n\u0259qliyyat vasit\u0259sinin i\u015ftirak\u0131 il\u0259 s&uuml;r\u0259t yar\u0131\u015f\u0131 t\u0259\u015fkil ed\u0259r\u0259k yolda m&uuml;\u0259yy\u0259n edilmi\u015f h\u0259r\u0259k\u0259t s&uuml;r\u0259ti h\u0259ddini 60 km\/saatdan art\u0131q a\u015fmaqla t&ouml;r\u0259dilm\u0259si, n\u0259qliyyat vasit\u0259sini idar\u0259 etm\u0259k h&uuml;ququ iki il m&uuml;dd\u0259tin\u0259 m\u0259hdudla\u015fd\u0131r\u0131lmaqla iki min manatdan d&ouml;rd min manatad\u0259k) t\u0259rkib \u0259lam\u0259tl\u0259rinin m&ouml;vcud olmad\u0131\u011f\u0131n\u0131 bildirib, qeyd olunub ki, d\u0259f\u0259l\u0259rl\u0259 m\u0259lumat verilm\u0259sin\u0259 baxmayaraq, inzibati x\u0259ta protokolu t\u0259rtib edilmi\u015f \u015f\u0259xsin m\u0259hk\u0259m\u0259 iclas\u0131nda i\u015ftirak\u0131 Quba Rayon Polis \u015e&ouml;b\u0259sinin D&ouml;vl\u0259t Yol Polisi B&ouml;lm\u0259sinin r\u0259hb\u0259rliyi t\u0259r\u0259find\u0259n t\u0259min edilm\u0259yib.<\/p>\n<p>Avtoxuliqanl\u0131q h\u0259r\u0259k\u0259tl\u0259rini \u0259ks etdir\u0259n s&uuml;butlar\u0131n (video&ccedil;\u0259kili\u015f, s&uuml;r\u0259t h\u0259ddini a\u015fma v\u0259 sair) m\u0259hk\u0259m\u0259 iclas\u0131n\u0131n t\u0259yin edildiyi vaxtad\u0259k m\u0259hk\u0259m\u0259y\u0259 t\u0259qdim edilm\u0259si t\u0259l\u0259b olunsa da, bununla ba\u011fl\u0131 apellyasiya instansiyas\u0131 m\u0259hk\u0259m\u0259sin\u0259 he&ccedil; bir s&uuml;but t\u0259qdim edilm\u0259yib&rdquo;.&nbsp;<\/p>\n<p>Qeyd ed\u0259k ki, bu ilin yanvar\u0131nda Daxili \u0130\u015fl\u0259r Nazirliyinin M\u0259tbuat Xidm\u0259tinin Quba regional qrupu&nbsp;rayon sakini Nicat Mehtiyevin idar\u0259 etdiyi BMW markal\u0131 avtomobill\u0259 yollarda intizams\u0131zl\u0131q ed\u0259r\u0259k, yol h\u0259r\u0259k\u0259ti qaydalar\u0131n\u0131 kobud \u015f\u0259kild\u0259 pozmas\u0131 v\u0259&nbsp;avtoxuliqanl\u0131q etm\u0259si bar\u0259d\u0259&nbsp;m\u0259lumat&nbsp;yaym\u0131\u015fd\u0131.<\/p>\n<p>&nbsp;<\/p>\n","protected":false},"excerpt":{"rendered":"<p>Polisin&nbsp;avtoxuliqanl\u0131q madd\u0259si il\u0259 protokol t\u0259rtib etdiyi BMW markal\u0131 avtomobilin s&uuml;r&uuml;c&uuml;s&uuml; m\u0259hk\u0259m\u0259d\u0259 qalib g\u0259lib.&nbsp; Bu bar\u0259d\u0259&nbsp;Oxu.Az-a rayon sakini Nicat Mehtiyev bildirib. O bildirib ki, Quba Rayon Polis \u015e&ouml;b\u0259sinin D&ouml;vl\u0259t Yol Polisi&hellip;<\/p>\n","protected":false},"author":1,"featured_media":251278,"comment_status":"open","ping_status":"open","sticky":false,"template":"","format":"standard","meta":{"_lmt_disableupdate":"","_lmt_disable":"","footnotes":""},"categories":[],"tags":[],"class_list":["post-145112","post","type-post","status-publish","format-standard","has-post-thumbnail","hentry"],"_links":{"self":[{"href":"https:\/\/ucnoqta.az\/index.php?rest_route=\/wp\/v2\/posts\/145112","targetHints":{"allow":["GET"]}}],"collection":[{"href":"https:\/\/ucnoqta.az\/index.php?rest_route=\/wp\/v2\/posts"}],"about":[{"href":"https:\/\/ucnoqta.az\/index.php?rest_route=\/wp\/v2\/types\/post"}],"author":[{"embeddable":true,"href":"https:\/\/ucnoqta.az\/index.php?rest_route=\/wp\/v2\/users\/1"}],"replies":[{"embeddable":true,"href":"https:\/\/ucnoqta.az\/index.php?rest_route=%2Fwp%2Fv2%2Fcomments&post=145112"}],"version-history":[{"count":0,"href":"https:\/\/ucnoqta.az\/index.php?rest_route=\/wp\/v2\/posts\/145112\/revisions"}],"wp:featuredmedia":[{"embeddable":true,"href":"https:\/\/ucnoqta.az\/index.php?rest_route=\/wp\/v2\/media\/251278"}],"wp:attachment":[{"href":"https:\/\/ucnoqta.az\/index.php?rest_route=%2Fwp%2Fv2%2Fmedia&parent=145112"}],"wp:term":[{"taxonomy":"category","embeddable":true,"href":"https:\/\/ucnoqta.az\/index.php?rest_route=%2Fwp%2Fv2%2Fcategories&post=145112"},{"taxonomy":"post_tag","embeddable":true,"href":"https:\/\/ucnoqta.az\/index.php?rest_route=%2Fwp%2Fv2%2Ftags&post=145112"}],"curies":[{"name":"wp","href":"https:\/\/api.w.org\/{rel}","templated":true}]}}