{"id":145111,"date":"2022-04-01T11:00:44","date_gmt":"2022-04-01T07:00:44","guid":{"rendered":""},"modified":"-0001-11-30T00:00:00","modified_gmt":"-0001-11-29T20:00:00","slug":"","status":"publish","type":"post","link":"https:\/\/ucnoqta.az\/?p=145111","title":{"rendered":"Tacikistan Prezidenti \u0259halini 2 illik \u0259rzaq ehtiyat\u0131 toplama\u011fa \u00e7a\u011f\u0131r\u0131b"},"content":{"rendered":"<p><strong>Tacikistan Prezidenti Emom\u0259li R\u0259hmon \u0259halini 2 illik \u0259rzaq ehtiyat\u0131 toplama\u011fa v\u0259 d&ouml;vl\u0259t m&uuml;st\u0259qilliyinin m&uuml;dafi\u0259sin\u0259 haz\u0131r olma\u011fa &ccedil;a\u011f\u0131r\u0131b.<\/strong><\/p>\n<p>&ldquo;Report&rdquo;&nbsp;yerli &quot;Asiya Plyus&quot; agentliyin\u0259 istinad\u0259n x\u0259b\u0259r verir ki, bu bar\u0259d\u0259 M\u0259rk\u0259zi Asiya &ouml;lk\u0259sinin r\u0259hb\u0259ri Ramazan ay\u0131n\u0131n ba\u015flamas\u0131 il\u0259 ba\u011fl\u0131 xalqa m&uuml;raci\u0259tind\u0259 bildirib.<\/p>\n<p>&ldquo;D&uuml;nyada siyasi, h\u0259rbi, iqtisadi v\u0259 sosial v\u0259ziyy\u0259tin son d\u0259r\u0259c\u0259 g\u0259rgin, b&ouml;hranl\u0131, m&uuml;r\u0259kk\u0259b v\u0259 t\u0259hl&uuml;k\u0259li oldu\u011fu bir \u015f\u0259raitd\u0259 ayr\u0131-ayr\u0131 &ouml;lk\u0259l\u0259rin m&uuml;st\u0259qilliyi v\u0259 azadl\u0131\u011f\u0131, onlar\u0131n d&ouml;vl\u0259t&ccedil;ilik strukturu m\u0259s\u0259l\u0259si ciddi sual alt\u0131ndad\u0131r. Bu da h\u0259r birimizi h\u0259mr\u0259y olma\u011fa, d&ouml;vl\u0259tin v\u0259 c\u0259miyy\u0259tin t\u0259hl&uuml;k\u0259sizliyini t\u0259min etm\u0259y\u0259 s\u0259sl\u0259yir. Biz h\u0259yat\u0131m\u0131z\u0131n \u0259v\u0259zsiz nem\u0259ti olan d&ouml;vl\u0259t m&uuml;st\u0259qilliyini v\u0259 onun \u0259ld\u0259 etdiyi nailiyy\u0259tl\u0259ri &#8211; s&uuml;lh&uuml;, \u0259min-amanl\u0131\u011f\u0131, siyasi sabitliyi, milli birliyi qoruma\u011fa h\u0259r zaman haz\u0131r olmal\u0131y\u0131q&rdquo;, &#8211; o deyib.<\/p>\n<p>D&ouml;vl\u0259t ba\u015f&ccedil;\u0131s\u0131n\u0131n s&ouml;zl\u0259rin\u0259 g&ouml;r\u0259, h\u0259r bir ail\u0259 &ouml;z&uuml;n&uuml; nec\u0259 t\u0259min ed\u0259c\u0259yini d&uuml;\u015f&uuml;nm\u0259li, m&uuml;mk&uuml;n q\u0259d\u0259r &ccedil;ox \u0259rzaq istehsal etm\u0259li v\u0259 iki il \u0259rzind\u0259 laz\u0131mi \u0259rzaq ehtiyat\u0131 y\u0131\u011fmal\u0131d\u0131r.<\/p>\n","protected":false},"excerpt":{"rendered":"<p>Tacikistan Prezidenti Emom\u0259li R\u0259hmon \u0259halini 2 illik \u0259rzaq ehtiyat\u0131 toplama\u011fa v\u0259 d&ouml;vl\u0259t m&uuml;st\u0259qilliyinin m&uuml;dafi\u0259sin\u0259 haz\u0131r olma\u011fa &ccedil;a\u011f\u0131r\u0131b. &ldquo;Report&rdquo;&nbsp;yerli &quot;Asiya Plyus&quot; agentliyin\u0259 istinad\u0259n x\u0259b\u0259r verir ki, bu bar\u0259d\u0259 M\u0259rk\u0259zi Asiya &ouml;lk\u0259sinin&hellip;<\/p>\n","protected":false},"author":1,"featured_media":251278,"comment_status":"open","ping_status":"open","sticky":false,"template":"","format":"standard","meta":{"_lmt_disableupdate":"","_lmt_disable":"","footnotes":""},"categories":[89],"tags":[],"class_list":["post-145111","post","type-post","status-publish","format-standard","has-post-thumbnail","hentry","category-dunya-butun-xeberler"],"_links":{"self":[{"href":"https:\/\/ucnoqta.az\/index.php?rest_route=\/wp\/v2\/posts\/145111","targetHints":{"allow":["GET"]}}],"collection":[{"href":"https:\/\/ucnoqta.az\/index.php?rest_route=\/wp\/v2\/posts"}],"about":[{"href":"https:\/\/ucnoqta.az\/index.php?rest_route=\/wp\/v2\/types\/post"}],"author":[{"embeddable":true,"href":"https:\/\/ucnoqta.az\/index.php?rest_route=\/wp\/v2\/users\/1"}],"replies":[{"embeddable":true,"href":"https:\/\/ucnoqta.az\/index.php?rest_route=%2Fwp%2Fv2%2Fcomments&post=145111"}],"version-history":[{"count":0,"href":"https:\/\/ucnoqta.az\/index.php?rest_route=\/wp\/v2\/posts\/145111\/revisions"}],"wp:featuredmedia":[{"embeddable":true,"href":"https:\/\/ucnoqta.az\/index.php?rest_route=\/wp\/v2\/media\/251278"}],"wp:attachment":[{"href":"https:\/\/ucnoqta.az\/index.php?rest_route=%2Fwp%2Fv2%2Fmedia&parent=145111"}],"wp:term":[{"taxonomy":"category","embeddable":true,"href":"https:\/\/ucnoqta.az\/index.php?rest_route=%2Fwp%2Fv2%2Fcategories&post=145111"},{"taxonomy":"post_tag","embeddable":true,"href":"https:\/\/ucnoqta.az\/index.php?rest_route=%2Fwp%2Fv2%2Ftags&post=145111"}],"curies":[{"name":"wp","href":"https:\/\/api.w.org\/{rel}","templated":true}]}}