{"id":145107,"date":"2022-04-01T10:38:57","date_gmt":"2022-04-01T06:38:57","guid":{"rendered":""},"modified":"-0001-11-30T00:00:00","modified_gmt":"-0001-11-29T20:00:00","slug":"","status":"publish","type":"post","link":"https:\/\/ucnoqta.az\/?p=145107","title":{"rendered":"Az\u0259rbaycan minat\u0259mizl\u0259m\u0259 il\u0259 ba\u011fl\u0131 beyn\u0259lxalq fondlara \u00e7a\u011f\u0131r\u0131\u015f edib"},"content":{"rendered":"<p><strong>&quot;Biz Erm\u0259nistandan mina x\u0259rit\u0259l\u0259rini alm\u0131\u015f\u0131q. Amma onlar\u0131n d\u0259qiqlik s\u0259viyy\u0259si yaln\u0131z 25 faizdir&quot;.<\/strong><\/p>\n<p>Bunu Prezidentin k&ouml;m\u0259k&ccedil;isi &#8211; Prezident Administrasiyas\u0131n\u0131n Xarici siyas\u0259t m\u0259s\u0259l\u0259l\u0259ri \u015f&ouml;b\u0259sinin m&uuml;diri Hikm\u0259t Hac\u0131yev deyib.<\/p>\n<p>&quot;Bizim \u0259sas m\u0259qs\u0259dimiz m\u0259cburi k&ouml;&ccedil;k&uuml;nl\u0259rin &ouml;z do\u011fma yurdlar\u0131na t\u0259hl&uuml;k\u0259siz \u015f\u0259kild\u0259 qaytar\u0131lmas\u0131d\u0131r. \u018flb\u0259tt\u0259 ki, bu i\u015fin s&uuml;r\u0259ti \u0259razil\u0259rin minalardan t\u0259mizl\u0259nm\u0259sind\u0259n as\u0131l\u0131d\u0131r. Az\u0259rbaycan h&ouml;kum\u0259ti bunun &uuml;&ccedil;&uuml;n s\u0259yl\u0259rini \u0259sirg\u0259mir&quot;, &#8211; o vur\u011fulay\u0131b.<\/p>\n<p>Prezidentin k&ouml;m\u0259k&ccedil;isi qeyd edib ki, beyn\u0259lxalq fondlar minat\u0259mizl\u0259m\u0259 i\u015fin\u0259 t&ouml;hf\u0259 verm\u0259lidir: &ldquo;Bunun &uuml;&ccedil;&uuml;n Az\u0259rbaycan unikal model t\u0259qdim edir. Biz minalardan t\u0259mizl\u0259nmi\u015f &ouml;lk\u0259 modeli t\u0259qdim etm\u0259k ist\u0259yirik. Bu konfrans minalardan t\u0259mizl\u0259nm\u0259nin maliyy\u0259l\u0259\u015fm\u0259si v\u0259 innovasiyalar\u0131n t\u0259tbiqi &uuml;&ccedil;&uuml;n platforma ola bil\u0259r. Az\u0259rbaycan bu sah\u0259d\u0259 qlobal fondun yarad\u0131lmas\u0131n\u0131 t\u0259klif edir&rdquo;.\/\/\/report<\/p>\n","protected":false},"excerpt":{"rendered":"<p>&quot;Biz Erm\u0259nistandan mina x\u0259rit\u0259l\u0259rini alm\u0131\u015f\u0131q. Amma onlar\u0131n d\u0259qiqlik s\u0259viyy\u0259si yaln\u0131z 25 faizdir&quot;. Bunu Prezidentin k&ouml;m\u0259k&ccedil;isi &#8211; Prezident Administrasiyas\u0131n\u0131n Xarici siyas\u0259t m\u0259s\u0259l\u0259l\u0259ri \u015f&ouml;b\u0259sinin m&uuml;diri Hikm\u0259t Hac\u0131yev deyib. &quot;Bizim \u0259sas m\u0259qs\u0259dimiz m\u0259cburi&hellip;<\/p>\n","protected":false},"author":1,"featured_media":251278,"comment_status":"open","ping_status":"open","sticky":false,"template":"","format":"standard","meta":{"_lmt_disableupdate":"","_lmt_disable":"","footnotes":""},"categories":[],"tags":[],"class_list":["post-145107","post","type-post","status-publish","format-standard","has-post-thumbnail","hentry"],"_links":{"self":[{"href":"https:\/\/ucnoqta.az\/index.php?rest_route=\/wp\/v2\/posts\/145107","targetHints":{"allow":["GET"]}}],"collection":[{"href":"https:\/\/ucnoqta.az\/index.php?rest_route=\/wp\/v2\/posts"}],"about":[{"href":"https:\/\/ucnoqta.az\/index.php?rest_route=\/wp\/v2\/types\/post"}],"author":[{"embeddable":true,"href":"https:\/\/ucnoqta.az\/index.php?rest_route=\/wp\/v2\/users\/1"}],"replies":[{"embeddable":true,"href":"https:\/\/ucnoqta.az\/index.php?rest_route=%2Fwp%2Fv2%2Fcomments&post=145107"}],"version-history":[{"count":0,"href":"https:\/\/ucnoqta.az\/index.php?rest_route=\/wp\/v2\/posts\/145107\/revisions"}],"wp:featuredmedia":[{"embeddable":true,"href":"https:\/\/ucnoqta.az\/index.php?rest_route=\/wp\/v2\/media\/251278"}],"wp:attachment":[{"href":"https:\/\/ucnoqta.az\/index.php?rest_route=%2Fwp%2Fv2%2Fmedia&parent=145107"}],"wp:term":[{"taxonomy":"category","embeddable":true,"href":"https:\/\/ucnoqta.az\/index.php?rest_route=%2Fwp%2Fv2%2Fcategories&post=145107"},{"taxonomy":"post_tag","embeddable":true,"href":"https:\/\/ucnoqta.az\/index.php?rest_route=%2Fwp%2Fv2%2Ftags&post=145107"}],"curies":[{"name":"wp","href":"https:\/\/api.w.org\/{rel}","templated":true}]}}