{"id":145102,"date":"2022-04-01T10:11:22","date_gmt":"2022-04-01T06:11:22","guid":{"rendered":""},"modified":"-0001-11-30T00:00:00","modified_gmt":"-0001-11-29T20:00:00","slug":"","status":"publish","type":"post","link":"https:\/\/ucnoqta.az\/?p=145102","title":{"rendered":"H\u0259rbi xidm\u0259t\u0259 n\u00f6vb\u0259ti \u00e7a\u011f\u0131r\u0131\u015f ba\u015flad\u0131"},"content":{"rendered":"<p><strong>&Ccedil;a\u011f\u0131r\u0131\u015f&ccedil;\u0131lar\u0131n m&uuml;dd\u0259tli h\u0259qiqi h\u0259rbi xidm\u0259t\u0259 yola sal\u0131nmas\u0131na ba\u015flan\u0131l\u0131b.<\/strong><\/p>\n<p>Bu bar\u0259d\u0259 S\u0259f\u0259rb\u0259rlik v\u0259 H\u0259rbi Xidm\u0259t\u0259 &Ccedil;a\u011f\u0131r\u0131\u015f &uuml;zr\u0259 D&ouml;vl\u0259t Xidm\u0259ti m\u0259lumat yay\u0131b.<\/p>\n<p>Bildirilib ki, Az\u0259rbaycan Prezidenti \u0130lham \u018fliyevin 2022-ci il fevral\u0131n 18-d\u0259 imzalad\u0131\u011f\u0131 &ldquo;Az\u0259rbaycan Respublikas\u0131 v\u0259t\u0259nda\u015flar\u0131n\u0131n 2022-ci il aprelin 1-d\u0259n 30-d\u0259k m&uuml;dd\u0259tli h\u0259qiqi h\u0259rbi xidm\u0259t\u0259 &ccedil;a\u011f\u0131r\u0131lmas\u0131 v\u0259 m&uuml;dd\u0259tli h\u0259qiqi h\u0259rbi xidm\u0259t h\u0259rbi qulluq&ccedil;ular\u0131n\u0131n ehtiyata burax\u0131lmas\u0131 haqq\u0131nda&rdquo; S\u0259r\u0259ncama \u0259sas\u0259n 2004-c&uuml; ild\u0259 do\u011fulmu\u015f v\u0259 &ccedil;a\u011f\u0131r\u0131\u015f g&uuml;n&uuml;n\u0259d\u0259k (h\u0259min g&uuml;n d\u0259 daxil olmaqla) 18 ya\u015f\u0131 tamam olmu\u015f, habel\u0259 1987&ndash;2003-c&uuml; ill\u0259rd\u0259 do\u011fulmu\u015f, ya\u015f\u0131 35-d\u0259k olan, Az\u0259rbaycan Respublikas\u0131n\u0131n Silahl\u0131 Q&uuml;vv\u0259l\u0259rind\u0259 m&uuml;dd\u0259tli h\u0259qiqi h\u0259rbi xidm\u0259t ke&ccedil;m\u0259mi\u015f, m&uuml;dd\u0259tli h\u0259qiqi h\u0259rbi xidm\u0259t\u0259 &ccedil;a\u011f\u0131r\u0131\u015fdan m&ouml;hl\u0259t h&uuml;ququ olmayan v\u0259 ya m&uuml;dd\u0259tli h\u0259qiqi h\u0259rbi xidm\u0259t\u0259 &ccedil;a\u011f\u0131r\u0131\u015fdan azad edilm\u0259mi\u015f Az\u0259rbaycan Respublikas\u0131 v\u0259t\u0259nda\u015flar\u0131n\u0131n m&uuml;\u0259yy\u0259n edilmi\u015f qrafik \u0259sas\u0131nda xidm\u0259t yerl\u0259rin\u0259 g&ouml;nd\u0259rilm\u0259sin\u0259 ba\u015flan\u0131l\u0131b.<\/p>\n<p>&quot;S\u0259f\u0259rb\u0259rlik v\u0259 H\u0259rbi Xidm\u0259t\u0259 &Ccedil;a\u011f\u0131r\u0131\u015f &uuml;zr\u0259 D&ouml;vl\u0259t Xidm\u0259ti t\u0259r\u0259find\u0259n &ccedil;a\u011f\u0131r\u0131\u015f&ccedil;\u0131lar\u0131n m&uuml;dd\u0259tli h\u0259qiqi h\u0259rbi xidm\u0259t\u0259 yola sal\u0131nmas\u0131 aprelin 30-d\u0259k davam ed\u0259c\u0259k.<\/p>\n<p>Yolasalmalar Covid-19 pandemiyas\u0131 il\u0259 \u0259laq\u0259dar Nazirl\u0259r Kabineti yan\u0131nda Operativ Q\u0259rargah t\u0259r\u0259find\u0259n verilmi\u015f q\u0259rar v\u0259 t&ouml;vsiy\u0259l\u0259r\u0259 riay\u0259t edilm\u0259kl\u0259 h\u0259yata ke&ccedil;irilir.<br \/>\nS\u0259f\u0259rb\u0259rlik v\u0259 H\u0259rbi Xidm\u0259t\u0259 &Ccedil;a\u011f\u0131r\u0131\u015f &uuml;zr\u0259 D&ouml;vl\u0259t Xidm\u0259ti &ccedil;a\u011f\u0131r\u0131\u015f&ccedil;\u0131lara h\u0259rbi xidm\u0259tl\u0259rind\u0259 u\u011furlar arzulay\u0131r&quot;- m\u0259lumatda qeyd edilir.<\/p>\n<p>&nbsp;<\/p>\n","protected":false},"excerpt":{"rendered":"<p>&Ccedil;a\u011f\u0131r\u0131\u015f&ccedil;\u0131lar\u0131n m&uuml;dd\u0259tli h\u0259qiqi h\u0259rbi xidm\u0259t\u0259 yola sal\u0131nmas\u0131na ba\u015flan\u0131l\u0131b. Bu bar\u0259d\u0259 S\u0259f\u0259rb\u0259rlik v\u0259 H\u0259rbi Xidm\u0259t\u0259 &Ccedil;a\u011f\u0131r\u0131\u015f &uuml;zr\u0259 D&ouml;vl\u0259t Xidm\u0259ti m\u0259lumat yay\u0131b. Bildirilib ki, Az\u0259rbaycan Prezidenti \u0130lham \u018fliyevin 2022-ci il fevral\u0131n 18-d\u0259&hellip;<\/p>\n","protected":false},"author":1,"featured_media":251278,"comment_status":"open","ping_status":"open","sticky":false,"template":"","format":"standard","meta":{"_lmt_disableupdate":"","_lmt_disable":"","footnotes":""},"categories":[101],"tags":[],"class_list":["post-145102","post","type-post","status-publish","format-standard","has-post-thumbnail","hentry","category-cemiyyet"],"_links":{"self":[{"href":"https:\/\/ucnoqta.az\/index.php?rest_route=\/wp\/v2\/posts\/145102","targetHints":{"allow":["GET"]}}],"collection":[{"href":"https:\/\/ucnoqta.az\/index.php?rest_route=\/wp\/v2\/posts"}],"about":[{"href":"https:\/\/ucnoqta.az\/index.php?rest_route=\/wp\/v2\/types\/post"}],"author":[{"embeddable":true,"href":"https:\/\/ucnoqta.az\/index.php?rest_route=\/wp\/v2\/users\/1"}],"replies":[{"embeddable":true,"href":"https:\/\/ucnoqta.az\/index.php?rest_route=%2Fwp%2Fv2%2Fcomments&post=145102"}],"version-history":[{"count":0,"href":"https:\/\/ucnoqta.az\/index.php?rest_route=\/wp\/v2\/posts\/145102\/revisions"}],"wp:featuredmedia":[{"embeddable":true,"href":"https:\/\/ucnoqta.az\/index.php?rest_route=\/wp\/v2\/media\/251278"}],"wp:attachment":[{"href":"https:\/\/ucnoqta.az\/index.php?rest_route=%2Fwp%2Fv2%2Fmedia&parent=145102"}],"wp:term":[{"taxonomy":"category","embeddable":true,"href":"https:\/\/ucnoqta.az\/index.php?rest_route=%2Fwp%2Fv2%2Fcategories&post=145102"},{"taxonomy":"post_tag","embeddable":true,"href":"https:\/\/ucnoqta.az\/index.php?rest_route=%2Fwp%2Fv2%2Ftags&post=145102"}],"curies":[{"name":"wp","href":"https:\/\/api.w.org\/{rel}","templated":true}]}}