{"id":145101,"date":"2022-04-01T10:03:05","date_gmt":"2022-04-01T06:03:05","guid":{"rendered":""},"modified":"-0001-11-30T00:00:00","modified_gmt":"-0001-11-29T20:00:00","slug":"","status":"publish","type":"post","link":"https:\/\/ucnoqta.az\/?p=145101","title":{"rendered":"C\u0259lilabadda qad\u0131n\u0131n q\u0259tli il\u0259 ba\u011fl\u0131 cinay\u0259t i\u015fi a\u00e7\u0131ld\u0131"},"content":{"rendered":"<p><strong>C\u0259lilabadda qad\u0131n\u0131n q\u0259tli il\u0259 ba\u011fl\u0131 cinay\u0259t i\u015fi ba\u015flan\u0131l\u0131b.<\/strong><\/p>\n<p>Bu bar\u0259d\u0259 Ucnoqta.az-a rayon prokurorlu\u011fundan m\u0259lumat verilib.<\/p>\n<p>Bildirilib ki, mart\u0131n 31-i saat 20 rad\u0259l\u0259rind\u0259 C\u0259lilabad rayonu, Sarxanl\u0131 k\u0259nd sakini, 1973-c&uuml; il t\u0259v\u0259ll&uuml;dl&uuml; S&uuml;dab\u0259 H\u0259s\u0259novan\u0131n &ouml;ld&uuml;r&uuml;lm\u0259si bar\u0259d\u0259 rayon prokurorlu\u011funa m\u0259lumat daxil olub.<\/p>\n<p>Apar\u0131lan ara\u015fd\u0131rmalarla z\u0259r\u0259r&ccedil;\u0259kmi\u015fin \u0259rinin qarda\u015f\u0131, 1966-c\u0131 il t\u0259v\u0259ll&uuml;dl&uuml; Mehdi H\u0259s\u0259novun birg\u0259 ya\u015fad\u0131qlar\u0131 m\u0259nzild\u0259 \u015f\u0259xsi m&uuml;nasib\u0259tl\u0259r z\u0259minind\u0259 aralar\u0131nda yaranan m&uuml;bahis\u0259 zaman\u0131 S&uuml;dab\u0259 H\u0259s\u0259novaya b\u0131&ccedil;aqla x\u0259sar\u0259tl\u0259r yetir\u0259r\u0259k onu q\u0259sd\u0259n &ouml;ld&uuml;rm\u0259sin\u0259 \u0259sasl\u0131 \u015f&uuml;bh\u0259l\u0259r m&uuml;\u0259yy\u0259n edilib.<\/p>\n<p>Faktla ba\u011fl\u0131 C\u0259lilabad Rayon Prokurorlu\u011funda Cinay\u0259t M\u0259c\u0259ll\u0259sinin 120.1-ci (q\u0259sd\u0259n adam &ouml;ld&uuml;rm\u0259) madd\u0259si il\u0259 cinay\u0259t i\u015fi ba\u015flan\u0131l\u0131b.<\/p>\n<p>Mehdi H\u0259s\u0259nov \u015f&uuml;bh\u0259li \u015f\u0259xs qismind\u0259 tutularaq istintaqa c\u0259lb edilib.<\/p>\n<p>Haz\u0131rda cinay\u0259t i\u015fi &uuml;zr\u0259 istintaq davam edir.<\/p>\n","protected":false},"excerpt":{"rendered":"<p>C\u0259lilabadda qad\u0131n\u0131n q\u0259tli il\u0259 ba\u011fl\u0131 cinay\u0259t i\u015fi ba\u015flan\u0131l\u0131b. Bu bar\u0259d\u0259 Ucnoqta.az-a rayon prokurorlu\u011fundan m\u0259lumat verilib. Bildirilib ki, mart\u0131n 31-i saat 20 rad\u0259l\u0259rind\u0259 C\u0259lilabad rayonu, Sarxanl\u0131 k\u0259nd sakini, 1973-c&uuml; il t\u0259v\u0259ll&uuml;dl&uuml;&hellip;<\/p>\n","protected":false},"author":1,"featured_media":251278,"comment_status":"open","ping_status":"open","sticky":false,"template":"","format":"standard","meta":{"_lmt_disableupdate":"","_lmt_disable":"","footnotes":""},"categories":[],"tags":[],"class_list":["post-145101","post","type-post","status-publish","format-standard","has-post-thumbnail","hentry"],"_links":{"self":[{"href":"https:\/\/ucnoqta.az\/index.php?rest_route=\/wp\/v2\/posts\/145101","targetHints":{"allow":["GET"]}}],"collection":[{"href":"https:\/\/ucnoqta.az\/index.php?rest_route=\/wp\/v2\/posts"}],"about":[{"href":"https:\/\/ucnoqta.az\/index.php?rest_route=\/wp\/v2\/types\/post"}],"author":[{"embeddable":true,"href":"https:\/\/ucnoqta.az\/index.php?rest_route=\/wp\/v2\/users\/1"}],"replies":[{"embeddable":true,"href":"https:\/\/ucnoqta.az\/index.php?rest_route=%2Fwp%2Fv2%2Fcomments&post=145101"}],"version-history":[{"count":0,"href":"https:\/\/ucnoqta.az\/index.php?rest_route=\/wp\/v2\/posts\/145101\/revisions"}],"wp:featuredmedia":[{"embeddable":true,"href":"https:\/\/ucnoqta.az\/index.php?rest_route=\/wp\/v2\/media\/251278"}],"wp:attachment":[{"href":"https:\/\/ucnoqta.az\/index.php?rest_route=%2Fwp%2Fv2%2Fmedia&parent=145101"}],"wp:term":[{"taxonomy":"category","embeddable":true,"href":"https:\/\/ucnoqta.az\/index.php?rest_route=%2Fwp%2Fv2%2Fcategories&post=145101"},{"taxonomy":"post_tag","embeddable":true,"href":"https:\/\/ucnoqta.az\/index.php?rest_route=%2Fwp%2Fv2%2Ftags&post=145101"}],"curies":[{"name":"wp","href":"https:\/\/api.w.org\/{rel}","templated":true}]}}