{"id":145094,"date":"2022-04-01T07:33:06","date_gmt":"2022-04-01T03:33:06","guid":{"rendered":""},"modified":"-0001-11-30T00:00:00","modified_gmt":"-0001-11-29T20:00:00","slug":"","status":"publish","type":"post","link":"https:\/\/ucnoqta.az\/?p=145094","title":{"rendered":"\u018frdo\u011fan Az\u0259rbaycanla ba\u011fl\u0131 protokolu t\u0259sdiql\u0259yib"},"content":{"rendered":"<p>T\u00fcrkiy\u0259 Prezidenti R\u0259c\u0259b Tayyib \u018frdo\u011fan &#8220;Az\u0259rbaycan Respublikas\u0131 H\u00f6kum\u0259ti il\u0259 T\u00fcrkiy\u0259 Respublikas\u0131 H\u00f6kum\u0259ti aras\u0131nda pe\u015f\u0259 t\u0259hsili sah\u0259sind\u0259 \u0259m\u0259kda\u015fl\u0131\u011fa dair Protokol\u201du t\u0259sdiql\u0259yib.<\/p>\n<p>APA x\u0259b\u0259r verir ki, bu bar\u0259d\u0259 m\u00fcvafiq q\u0259rar &#8220;Resmi Gazete&#8221;d\u0259 d\u0259rc olunub.Q\u0259rar imzaland\u0131\u011f\u0131 g\u00fcnd\u0259n q\u00fcvv\u0259y\u0259 minib.<\/p>\n<p>Qeyd ed\u0259k ki, s\u00f6z\u00fcged\u0259n Protokol 2021-ci il fevral\u0131n 19-da Ankarada Az\u0259rbaycan Respublikas\u0131 il\u0259 T\u00fcrkiy\u0259 Respublikas\u0131 aras\u0131nda iqtisadi \u0259m\u0259kda\u015fl\u0131q \u00fczr\u0259 Birg\u0259 H\u00f6kum\u0259tl\u0259raras\u0131 Komissiyan\u0131n 9-cu iclas\u0131 \u00e7\u0259r\u00e7iv\u0259sind\u0259 imzalan\u0131b.<\/p>\n<p>S\u0259n\u0259d iki \u00f6lk\u0259 aras\u0131nda pe\u015f\u0259 t\u0259hsili sah\u0259sind\u0259 \u0259m\u0259kda\u015fl\u0131\u011f\u0131n geni\u015fl\u0259ndirilm\u0259sini v\u0259 m\u00fcvafiq istiqam\u0259t \u00fczr\u0259 T\u00fcrkiy\u0259 t\u0259cr\u00fcb\u0259sinin \u00f6yr\u0259nilm\u0259sini ehtiva edir.<\/p>\n","protected":false},"excerpt":{"rendered":"<p>T\u00fcrkiy\u0259 Prezidenti R\u0259c\u0259b Tayyib \u018frdo\u011fan &#8220;Az\u0259rbaycan Respublikas\u0131 H\u00f6kum\u0259ti il\u0259 T\u00fcrkiy\u0259 Respublikas\u0131 H\u00f6kum\u0259ti aras\u0131nda pe\u015f\u0259 t\u0259hsili sah\u0259sind\u0259 \u0259m\u0259kda\u015fl\u0131\u011fa dair Protokol\u201du t\u0259sdiql\u0259yib. APA x\u0259b\u0259r verir ki, bu bar\u0259d\u0259 m\u00fcvafiq q\u0259rar &#8220;Resmi Gazete&#8221;d\u0259&hellip;<\/p>\n","protected":false},"author":1,"featured_media":251278,"comment_status":"open","ping_status":"open","sticky":false,"template":"","format":"standard","meta":{"_lmt_disableupdate":"","_lmt_disable":"","footnotes":""},"categories":[],"tags":[],"class_list":["post-145094","post","type-post","status-publish","format-standard","has-post-thumbnail","hentry"],"_links":{"self":[{"href":"https:\/\/ucnoqta.az\/index.php?rest_route=\/wp\/v2\/posts\/145094","targetHints":{"allow":["GET"]}}],"collection":[{"href":"https:\/\/ucnoqta.az\/index.php?rest_route=\/wp\/v2\/posts"}],"about":[{"href":"https:\/\/ucnoqta.az\/index.php?rest_route=\/wp\/v2\/types\/post"}],"author":[{"embeddable":true,"href":"https:\/\/ucnoqta.az\/index.php?rest_route=\/wp\/v2\/users\/1"}],"replies":[{"embeddable":true,"href":"https:\/\/ucnoqta.az\/index.php?rest_route=%2Fwp%2Fv2%2Fcomments&post=145094"}],"version-history":[{"count":0,"href":"https:\/\/ucnoqta.az\/index.php?rest_route=\/wp\/v2\/posts\/145094\/revisions"}],"wp:featuredmedia":[{"embeddable":true,"href":"https:\/\/ucnoqta.az\/index.php?rest_route=\/wp\/v2\/media\/251278"}],"wp:attachment":[{"href":"https:\/\/ucnoqta.az\/index.php?rest_route=%2Fwp%2Fv2%2Fmedia&parent=145094"}],"wp:term":[{"taxonomy":"category","embeddable":true,"href":"https:\/\/ucnoqta.az\/index.php?rest_route=%2Fwp%2Fv2%2Fcategories&post=145094"},{"taxonomy":"post_tag","embeddable":true,"href":"https:\/\/ucnoqta.az\/index.php?rest_route=%2Fwp%2Fv2%2Ftags&post=145094"}],"curies":[{"name":"wp","href":"https:\/\/api.w.org\/{rel}","templated":true}]}}