{"id":145085,"date":"2022-04-01T09:20:46","date_gmt":"2022-04-01T05:20:46","guid":{"rendered":""},"modified":"-0001-11-30T00:00:00","modified_gmt":"-0001-11-29T20:00:00","slug":"","status":"publish","type":"post","link":"https:\/\/ucnoqta.az\/?p=145085","title":{"rendered":"C\u0259lilabadda qad\u0131n m\u00fclk \u00fcst\u00fcnd\u0259 qayn\u0131 t\u0259r\u0259find\u0259n \u00f6ld\u00fcr\u00fcld\u00fc &#8211; <font color=red><b>YEN\u0130L\u018fN\u0130B<\/b><\/font>"},"content":{"rendered":"<p><strong>C\u0259lilabad rayonunda &ouml;t\u0259n ax\u015fam ba\u015f ver\u0259n q\u0259tl hadis\u0259sinin b\u0259zi t\u0259f\u0259rr&uuml;atlar\u0131 m\u0259lum olub.<\/strong><\/p>\n<p>&ldquo;Report&rdquo;un&nbsp;m\u0259lumat\u0131na g&ouml;r\u0259, hadis\u0259y\u0259 m&uuml;lk &uuml;st\u0259 d&uuml;\u015f\u0259n m&uuml;bahis\u0259 s\u0259b\u0259b olub.<\/p>\n<p>Bel\u0259 ki, m&uuml;bahis\u0259 n\u0259tic\u0259sind\u0259 rayonun Qarakaz\u0131ml\u0131 k\u0259nd sakini&nbsp;1973-c&uuml; il t\u0259v\u0259ll&uuml;dl&uuml; S&uuml;dab\u0259 \u018flixan H\u0259s\u0259nova qayn\u0131, 1976-ci il t\u0259v\u0259ll&uuml;dl&uuml; Mehdi D\u0259d\u0259xan H\u0259s\u0259nov t\u0259r\u0259find\u0259n b\u0131&ccedil;aqla q\u0259tl\u0259 yetirilib.<\/p>\n<p>H\u0259min vaxt M. H\u0259s\u0259nov da b\u0131&ccedil;aq x\u0259sar\u0259tl\u0259ri al\u0131b. Mehdi H\u0259s\u0259nov \u015f&uuml;bh\u0259li \u015f\u0259xs qismind\u0259 saxlan\u0131l\u0131b.<\/p>\n<p>Faktla ba\u011fl\u0131 ara\u015fd\u0131rmalar davam etdirilir.<\/p>\n<p><strong>09:20<\/strong><\/p>\n<p>C\u0259lilabad rayonunda b\u0131&ccedil;aqlanma hadis\u0259si ba\u015f verib.<\/p>\n<p>\nHadis\u0259 rayonun Qarakaz\u0131ml\u0131 k\u0259ndind\u0259 qeyd\u0259 al\u0131n\u0131b.<\/p>\n<p>Bel\u0259 ki, 1973-c&uuml; t\u0259v\u0259ll&uuml;dl&uuml; H\u0259s\u0259nova S&uuml;dab\u0259 \u018flixan q\u0131z\u0131 &uuml;r\u0259k nahiy\u0259sind\u0259n b\u0131&ccedil;aqlan\u0131b v\u0259 x\u0259st\u0259xanaya &ccedil;atd\u0131r\u0131lan zaman d&uuml;nyas\u0131n\u0131 d\u0259yi\u015fib.<\/p>\n<p>Faktla ba\u011fl\u0131 ara\u015fd\u0131rma apar\u0131l\u0131r.\/\/\/report<\/p>\n","protected":false},"excerpt":{"rendered":"<p>C\u0259lilabad rayonunda &ouml;t\u0259n ax\u015fam ba\u015f ver\u0259n q\u0259tl hadis\u0259sinin b\u0259zi t\u0259f\u0259rr&uuml;atlar\u0131 m\u0259lum olub. &ldquo;Report&rdquo;un&nbsp;m\u0259lumat\u0131na g&ouml;r\u0259, hadis\u0259y\u0259 m&uuml;lk &uuml;st\u0259 d&uuml;\u015f\u0259n m&uuml;bahis\u0259 s\u0259b\u0259b olub. Bel\u0259 ki, m&uuml;bahis\u0259 n\u0259tic\u0259sind\u0259 rayonun Qarakaz\u0131ml\u0131 k\u0259nd sakini&nbsp;1973-c&uuml; il&hellip;<\/p>\n","protected":false},"author":1,"featured_media":251278,"comment_status":"open","ping_status":"open","sticky":false,"template":"","format":"standard","meta":{"_lmt_disableupdate":"","_lmt_disable":"","footnotes":""},"categories":[],"tags":[],"class_list":["post-145085","post","type-post","status-publish","format-standard","has-post-thumbnail","hentry"],"_links":{"self":[{"href":"https:\/\/ucnoqta.az\/index.php?rest_route=\/wp\/v2\/posts\/145085","targetHints":{"allow":["GET"]}}],"collection":[{"href":"https:\/\/ucnoqta.az\/index.php?rest_route=\/wp\/v2\/posts"}],"about":[{"href":"https:\/\/ucnoqta.az\/index.php?rest_route=\/wp\/v2\/types\/post"}],"author":[{"embeddable":true,"href":"https:\/\/ucnoqta.az\/index.php?rest_route=\/wp\/v2\/users\/1"}],"replies":[{"embeddable":true,"href":"https:\/\/ucnoqta.az\/index.php?rest_route=%2Fwp%2Fv2%2Fcomments&post=145085"}],"version-history":[{"count":0,"href":"https:\/\/ucnoqta.az\/index.php?rest_route=\/wp\/v2\/posts\/145085\/revisions"}],"wp:featuredmedia":[{"embeddable":true,"href":"https:\/\/ucnoqta.az\/index.php?rest_route=\/wp\/v2\/media\/251278"}],"wp:attachment":[{"href":"https:\/\/ucnoqta.az\/index.php?rest_route=%2Fwp%2Fv2%2Fmedia&parent=145085"}],"wp:term":[{"taxonomy":"category","embeddable":true,"href":"https:\/\/ucnoqta.az\/index.php?rest_route=%2Fwp%2Fv2%2Fcategories&post=145085"},{"taxonomy":"post_tag","embeddable":true,"href":"https:\/\/ucnoqta.az\/index.php?rest_route=%2Fwp%2Fv2%2Ftags&post=145085"}],"curies":[{"name":"wp","href":"https:\/\/api.w.org\/{rel}","templated":true}]}}