{"id":145081,"date":"2022-03-31T20:27:25","date_gmt":"2022-03-31T16:27:25","guid":{"rendered":""},"modified":"-0001-11-30T00:00:00","modified_gmt":"-0001-11-29T20:00:00","slug":"","status":"publish","type":"post","link":"https:\/\/ucnoqta.az\/?p=145081","title":{"rendered":"Suriyadan 7 az\u0259rbaycanl\u0131 repatriasiya edilib &#8211; <font color=red><b>X\u0130N<\/b><\/font>"},"content":{"rendered":"<p><strong>Suriya \u018fr\u0259b Respublikas\u0131n\u0131n Cerablus \u015f\u0259h\u0259rind\u0259ki Amerna d&uuml;\u015f\u0259rg\u0259sind\u0259 saxlan\u0131lan Az\u0259rbaycan Respublikas\u0131 v\u0259t\u0259nda\u015f\u0131 olan 7 n\u0259f\u0259rin repatriasiyas\u0131 h\u0259yata ke&ccedil;irilib.<\/strong><\/p>\n<p>Bu bar\u0259d\u0259&nbsp;Ucnoqta.az Az\u0259rbaycan Xarici \u0130\u015fl\u0259r Nazirliyin\u0259 istinad\u0259n x\u0259b\u0259r verir.<br \/>\nQeyd olunan \u015f\u0259xsl\u0259rin &ouml;lk\u0259miz\u0259 g\u0259tirilm\u0259si Az\u0259rbaycan Respublikas\u0131n\u0131n h&ouml;kum\u0259ti t\u0259r\u0259find\u0259n g&ouml;r&uuml;lm&uuml;\u015f m\u0259rh\u0259l\u0259li v\u0259 koordinasiyal\u0131 t\u0259dbirl\u0259r n\u0259tic\u0259sind\u0259 ba\u015f tutub.<\/p>\n<p>&Ouml;nc\u0259 v\u0259t\u0259n\u0259 repatriasiyas\u0131 n\u0259z\u0259rd\u0259 tutulan v\u0259t\u0259nda\u015flar\u0131n yeri, \u015f\u0259xsiyy\u0259ti v\u0259 Az\u0259rbaycan Respublikas\u0131n\u0131n v\u0259t\u0259nda\u015fl\u0131\u011f\u0131na m\u0259nsubiyy\u0259ti m&uuml;\u0259yy\u0259n edilib. Daha sonra \u0259ld\u0259 olunmu\u015f raz\u0131l\u0131q \u0259sas\u0131nda onlar\u0131n T&uuml;rkiy\u0259 Respublikas\u0131n\u0131n \u0259razisin\u0259 ke&ccedil;idi t\u0259min olunub.<\/p>\n<p>Bununla ba\u011fl\u0131 \u0130raq v\u0259 Suriya \u018fr\u0259b Respublikalar\u0131ndan Az\u0259rbaycan v\u0259t\u0259nda\u015flar\u0131n\u0131n repatriasiyas\u0131na m\u0259sul i\u015f&ccedil;i qrupa daxil olan aidiyy\u0259ti d&ouml;vl\u0259t qurumlar\u0131n\u0131n n&uuml;may\u0259nd\u0259l\u0259ri T&uuml;rkiy\u0259 Respublikas\u0131na ezam edilib. T&uuml;rkiy\u0259 Respublikas\u0131na ezam edilmi\u015f n&uuml;may\u0259nd\u0259 hey\u0259ti t\u0259r\u0259find\u0259n repatriantlar\u0131n ilkin tibbi v\u0259 psixoloji m&uuml;ayin\u0259si h\u0259yata ke&ccedil;irilib v\u0259 onlara z\u0259ruri yard\u0131m g&ouml;st\u0259rilib. Bundan sonra Az\u0259rbaycan Respublikas\u0131n\u0131n T&uuml;rkiy\u0259 Respublikas\u0131ndak\u0131 S\u0259firliyi t\u0259r\u0259find\u0259n v\u0259t\u0259nda\u015flar\u0131m\u0131z &ldquo;Az\u0259rbaycan Respublikas\u0131na qay\u0131d\u0131\u015f \u015f\u0259had\u0259tnam\u0259&rdquo;l\u0259ri il\u0259 t\u0259min edilmi\u015fdir. 2022-ci ilin 31 mart tarixind\u0259 Az\u0259rbaycan Respublikas\u0131 n&uuml;may\u0259nd\u0259 hey\u0259tinin m&uuml;\u015fayi\u0259ti il\u0259 qeyd olunan v\u0259t\u0259nda\u015flar\u0131n Ankara-Bak\u0131 reysi il\u0259 Az\u0259rbaycan Respublikas\u0131na repatriasiyas\u0131 h\u0259yata ke&ccedil;irilib.<\/p>\n<p>Az\u0259rbaycan Respublikas\u0131n\u0131n h&ouml;kum\u0259ti t\u0259r\u0259find\u0259n m&uuml;vafiq \u015f\u0259xsl\u0259rin reinteqrasiyas\u0131 v\u0259 reabilitasiyas\u0131 &uuml;&ccedil;&uuml;n b&uuml;t&uuml;n laz\u0131mi t\u0259dbirl\u0259rin g&ouml;r&uuml;lm\u0259si n\u0259z\u0259rd\u0259 tutulub. Repatriasiyan\u0131n h\u0259yata ke&ccedil;irilm\u0259sind\u0259 Az\u0259rbaycan Respublikas\u0131n\u0131n aidiyy\u0259ti d&ouml;vl\u0259t qurumlar\u0131n\u0131n birg\u0259 v\u0259 \u0259laq\u0259l\u0259ndirilmi\u015f f\u0259aliyy\u0259ti h\u0259yata ke&ccedil;irilib. Bu prosesin realla\u015fmas\u0131nda T&uuml;rkiy\u0259 Respublikas\u0131 t\u0259r\u0259find\u0259n g&ouml;st\u0259rilmi\u015f yard\u0131m x&uuml;susil\u0259 qeyd olunmal\u0131d\u0131r.<\/p>\n<p>Az\u0259rbaycan Respublikas\u0131n\u0131n h&ouml;kum\u0259ti milli qanunvericiliy\u0259 v\u0259 &ouml;lk\u0259mizin t\u0259r\u0259fdar &ccedil;\u0131xd\u0131\u011f\u0131 beyn\u0259lxalq m&uuml;qavil\u0259l\u0259r\u0259 uy\u011fun olaraq &ouml;z v\u0259t\u0259nda\u015flar\u0131n\u0131n h&uuml;quq v\u0259 azadl\u0131qlar\u0131n\u0131n qorunmas\u0131 istiqam\u0259tind\u0259 z\u0259ruri t\u0259dbirl\u0259rin g&ouml;r&uuml;lm\u0259sini davam etdir\u0259c\u0259k.<\/p>\n","protected":false},"excerpt":{"rendered":"<p>Suriya \u018fr\u0259b Respublikas\u0131n\u0131n Cerablus \u015f\u0259h\u0259rind\u0259ki Amerna d&uuml;\u015f\u0259rg\u0259sind\u0259 saxlan\u0131lan Az\u0259rbaycan Respublikas\u0131 v\u0259t\u0259nda\u015f\u0131 olan 7 n\u0259f\u0259rin repatriasiyas\u0131 h\u0259yata ke&ccedil;irilib. Bu bar\u0259d\u0259&nbsp;Ucnoqta.az Az\u0259rbaycan Xarici \u0130\u015fl\u0259r Nazirliyin\u0259 istinad\u0259n x\u0259b\u0259r verir. Qeyd olunan \u015f\u0259xsl\u0259rin &ouml;lk\u0259miz\u0259&hellip;<\/p>\n","protected":false},"author":1,"featured_media":251278,"comment_status":"open","ping_status":"open","sticky":false,"template":"","format":"standard","meta":{"_lmt_disableupdate":"","_lmt_disable":"","footnotes":""},"categories":[],"tags":[],"class_list":["post-145081","post","type-post","status-publish","format-standard","has-post-thumbnail","hentry"],"_links":{"self":[{"href":"https:\/\/ucnoqta.az\/index.php?rest_route=\/wp\/v2\/posts\/145081","targetHints":{"allow":["GET"]}}],"collection":[{"href":"https:\/\/ucnoqta.az\/index.php?rest_route=\/wp\/v2\/posts"}],"about":[{"href":"https:\/\/ucnoqta.az\/index.php?rest_route=\/wp\/v2\/types\/post"}],"author":[{"embeddable":true,"href":"https:\/\/ucnoqta.az\/index.php?rest_route=\/wp\/v2\/users\/1"}],"replies":[{"embeddable":true,"href":"https:\/\/ucnoqta.az\/index.php?rest_route=%2Fwp%2Fv2%2Fcomments&post=145081"}],"version-history":[{"count":0,"href":"https:\/\/ucnoqta.az\/index.php?rest_route=\/wp\/v2\/posts\/145081\/revisions"}],"wp:featuredmedia":[{"embeddable":true,"href":"https:\/\/ucnoqta.az\/index.php?rest_route=\/wp\/v2\/media\/251278"}],"wp:attachment":[{"href":"https:\/\/ucnoqta.az\/index.php?rest_route=%2Fwp%2Fv2%2Fmedia&parent=145081"}],"wp:term":[{"taxonomy":"category","embeddable":true,"href":"https:\/\/ucnoqta.az\/index.php?rest_route=%2Fwp%2Fv2%2Fcategories&post=145081"},{"taxonomy":"post_tag","embeddable":true,"href":"https:\/\/ucnoqta.az\/index.php?rest_route=%2Fwp%2Fv2%2Ftags&post=145081"}],"curies":[{"name":"wp","href":"https:\/\/api.w.org\/{rel}","templated":true}]}}