{"id":145072,"date":"2022-03-31T18:30:56","date_gmt":"2022-03-31T14:30:56","guid":{"rendered":""},"modified":"-0001-11-30T00:00:00","modified_gmt":"-0001-11-29T20:00:00","slug":"","status":"publish","type":"post","link":"https:\/\/ucnoqta.az\/?p=145072","title":{"rendered":"Vyetnaml\u0131 idman\u00e7\u0131 Bak\u0131da x\u0259st\u0259xanal\u0131q oldu &#8211; <font color=red><b>FOTO\/V\u0130DEO<\/b><\/font>"},"content":{"rendered":"<p><strong>Bak\u0131da ke&ccedil;iril\u0259n idman gimnastikas\u0131 &uuml;zr\u0259 D&uuml;nya Kubokunda Vyetnam idman&ccedil;\u0131s\u0131 &Ccedil;ay Zan Quy Nam x\u0259st\u0259xanal\u0131q olub.<\/strong><\/p>\n<p>Asiyal\u0131 idman&ccedil;\u0131 paralel qollarda &ccedil;\u0131x\u0131\u015f ed\u0259rk\u0259n ciddi x\u0259sar\u0259t al\u0131b v\u0259 yar\u0131\u015f\u0131 davam etdir\u0259 bilm\u0259yib.<\/p>\n<p>H\u0259kiml\u0259r ona yerind\u0259 m&uuml;daxil\u0259 edibl\u0259r. \u0130dman&ccedil;\u0131 Milli Gimnastika Arenas\u0131n\u0131 x\u0259r\u0259kd\u0259 t\u0259rk edib v\u0259 x\u0259st\u0259xanaya apar\u0131l\u0131b.<\/p>\n<p>Az\u0259rbaycan Gimnastika Federasiyas\u0131ndan &ouml;yr\u0259ndiyimiz m\u0259lumata g&ouml;r\u0259, 19 ya\u015fl\u0131 idman&ccedil;\u0131n\u0131n durumu yax\u015f\u0131d\u0131r.<\/p>\n<p>Qeyd ed\u0259k ki, ki\u015fi v\u0259 qad\u0131nlar aras\u0131nda ke&ccedil;iril\u0259n idman gimnastikas\u0131 &uuml;zr\u0259 D&uuml;nya Kuboku bu g&uuml;n start g&ouml;t&uuml;r&uuml;b v\u0259 aprelin 3-d\u0259 ba\u015fa &ccedil;atacaq.\/\/\/oxu.az<\/p>\n<p>&nbsp;<\/p>\n<p><iframe allow=\"autoplay; encrypted-media\" allowfullscreen=\"\" frameborder=\"0\" height=\"315\" src=\"https:\/\/player.baku.tv\/embed\/52279\" width=\"560\"><\/iframe><\/p>\n","protected":false},"excerpt":{"rendered":"<p>Bak\u0131da ke&ccedil;iril\u0259n idman gimnastikas\u0131 &uuml;zr\u0259 D&uuml;nya Kubokunda Vyetnam idman&ccedil;\u0131s\u0131 &Ccedil;ay Zan Quy Nam x\u0259st\u0259xanal\u0131q olub. Asiyal\u0131 idman&ccedil;\u0131 paralel qollarda &ccedil;\u0131x\u0131\u015f ed\u0259rk\u0259n ciddi x\u0259sar\u0259t al\u0131b v\u0259 yar\u0131\u015f\u0131 davam etdir\u0259 bilm\u0259yib. H\u0259kiml\u0259r&hellip;<\/p>\n","protected":false},"author":1,"featured_media":251278,"comment_status":"open","ping_status":"open","sticky":false,"template":"","format":"standard","meta":{"_lmt_disableupdate":"","_lmt_disable":"","footnotes":""},"categories":[90],"tags":[],"class_list":["post-145072","post","type-post","status-publish","format-standard","has-post-thumbnail","hentry","category-idman-butun-xeberler"],"_links":{"self":[{"href":"https:\/\/ucnoqta.az\/index.php?rest_route=\/wp\/v2\/posts\/145072","targetHints":{"allow":["GET"]}}],"collection":[{"href":"https:\/\/ucnoqta.az\/index.php?rest_route=\/wp\/v2\/posts"}],"about":[{"href":"https:\/\/ucnoqta.az\/index.php?rest_route=\/wp\/v2\/types\/post"}],"author":[{"embeddable":true,"href":"https:\/\/ucnoqta.az\/index.php?rest_route=\/wp\/v2\/users\/1"}],"replies":[{"embeddable":true,"href":"https:\/\/ucnoqta.az\/index.php?rest_route=%2Fwp%2Fv2%2Fcomments&post=145072"}],"version-history":[{"count":0,"href":"https:\/\/ucnoqta.az\/index.php?rest_route=\/wp\/v2\/posts\/145072\/revisions"}],"wp:featuredmedia":[{"embeddable":true,"href":"https:\/\/ucnoqta.az\/index.php?rest_route=\/wp\/v2\/media\/251278"}],"wp:attachment":[{"href":"https:\/\/ucnoqta.az\/index.php?rest_route=%2Fwp%2Fv2%2Fmedia&parent=145072"}],"wp:term":[{"taxonomy":"category","embeddable":true,"href":"https:\/\/ucnoqta.az\/index.php?rest_route=%2Fwp%2Fv2%2Fcategories&post=145072"},{"taxonomy":"post_tag","embeddable":true,"href":"https:\/\/ucnoqta.az\/index.php?rest_route=%2Fwp%2Fv2%2Ftags&post=145072"}],"curies":[{"name":"wp","href":"https:\/\/api.w.org\/{rel}","templated":true}]}}