{"id":145067,"date":"2022-03-31T17:51:34","date_gmt":"2022-03-31T13:51:34","guid":{"rendered":""},"modified":"-0001-11-30T00:00:00","modified_gmt":"-0001-11-29T20:00:00","slug":"","status":"publish","type":"post","link":"https:\/\/ucnoqta.az\/?p=145067","title":{"rendered":"Bak\u0131da q\u0259tl t\u00f6r\u0259d\u0259n \u00d6zb\u0259kistan v\u0259t\u0259nda\u015f\u0131na h\u00f6km oxunub"},"content":{"rendered":"<p><strong>Bak\u0131da q\u0259tl t&ouml;r\u0259tm\u0259kd\u0259 t\u0259qsirl\u0259ndiril\u0259n El&ccedil;in \u018fl\u0259kb\u0259rova h&ouml;km oxunub v\u0259 18 il m&uuml;dd\u0259tin\u0259 azadl\u0131qdan m\u0259hrum edilib.<\/strong><\/p>\n<p>Bu bar\u0259d\u0259 h&ouml;km Bak\u0131 A\u011f\u0131r Cinay\u0259tl\u0259r M\u0259hk\u0259m\u0259sinin hakimi Cavid H&uuml;seynovun s\u0259drliyi il\u0259 ke&ccedil;iril\u0259n prosesd\u0259 elan olunub.<\/p>\n<p>Qeyd ed\u0259k ki, hadis\u0259 2021-ci ilin iyulunda paytaxt\u0131n Bin\u0259q\u0259di rayonunda ba\u015f verib.<\/p>\n<p>Bel\u0259 ki, &Ouml;zb\u0259kistan v\u0259t\u0259nda\u015f\u0131, 1980-ci il t\u0259v\u0259ll&uuml;dl&uuml; E.\u018fl\u0259kb\u0259rov \u015f\u0259xsi m&uuml;nasib\u0259tl\u0259r z\u0259minind\u0259 aralar\u0131nda yaranan m&uuml;bahis\u0259 zaman\u0131 ke&ccedil;mi\u015f h\u0259yat yolda\u015f\u0131, 1975-ci il t\u0259v\u0259ll&uuml;dl&uuml; Nail\u0259 \u018fliyevan\u0131 b\u0131&ccedil;aqla &ccedil;oxsayl\u0131 x\u0259sar\u0259tl\u0259r yetir\u0259r\u0259k q\u0259tl\u0259 yetirib.<\/p>\n<p>Faktla ba\u011fl\u0131 Bin\u0259q\u0259di Rayon Prokurorlu\u011funda Cinay\u0259t M\u0259c\u0259ll\u0259sinin 120.1-ci (q\u0259sd\u0259n adam &ouml;ld&uuml;rm\u0259) madd\u0259si il\u0259 cinay\u0259t i\u015fi ba\u015flan\u0131b.<\/p>\n<p>E.\u018fl\u0259kb\u0259rov \u015f&uuml;bh\u0259li \u015f\u0259xs qismind\u0259 tutularaq istintaqa c\u0259lb edilib.\/\/\/report<\/p>\n","protected":false},"excerpt":{"rendered":"<p>Bak\u0131da q\u0259tl t&ouml;r\u0259tm\u0259kd\u0259 t\u0259qsirl\u0259ndiril\u0259n El&ccedil;in \u018fl\u0259kb\u0259rova h&ouml;km oxunub v\u0259 18 il m&uuml;dd\u0259tin\u0259 azadl\u0131qdan m\u0259hrum edilib. Bu bar\u0259d\u0259 h&ouml;km Bak\u0131 A\u011f\u0131r Cinay\u0259tl\u0259r M\u0259hk\u0259m\u0259sinin hakimi Cavid H&uuml;seynovun s\u0259drliyi il\u0259 ke&ccedil;iril\u0259n prosesd\u0259 elan&hellip;<\/p>\n","protected":false},"author":1,"featured_media":251278,"comment_status":"open","ping_status":"open","sticky":false,"template":"","format":"standard","meta":{"_lmt_disableupdate":"","_lmt_disable":"","footnotes":""},"categories":[],"tags":[],"class_list":["post-145067","post","type-post","status-publish","format-standard","has-post-thumbnail","hentry"],"_links":{"self":[{"href":"https:\/\/ucnoqta.az\/index.php?rest_route=\/wp\/v2\/posts\/145067","targetHints":{"allow":["GET"]}}],"collection":[{"href":"https:\/\/ucnoqta.az\/index.php?rest_route=\/wp\/v2\/posts"}],"about":[{"href":"https:\/\/ucnoqta.az\/index.php?rest_route=\/wp\/v2\/types\/post"}],"author":[{"embeddable":true,"href":"https:\/\/ucnoqta.az\/index.php?rest_route=\/wp\/v2\/users\/1"}],"replies":[{"embeddable":true,"href":"https:\/\/ucnoqta.az\/index.php?rest_route=%2Fwp%2Fv2%2Fcomments&post=145067"}],"version-history":[{"count":0,"href":"https:\/\/ucnoqta.az\/index.php?rest_route=\/wp\/v2\/posts\/145067\/revisions"}],"wp:featuredmedia":[{"embeddable":true,"href":"https:\/\/ucnoqta.az\/index.php?rest_route=\/wp\/v2\/media\/251278"}],"wp:attachment":[{"href":"https:\/\/ucnoqta.az\/index.php?rest_route=%2Fwp%2Fv2%2Fmedia&parent=145067"}],"wp:term":[{"taxonomy":"category","embeddable":true,"href":"https:\/\/ucnoqta.az\/index.php?rest_route=%2Fwp%2Fv2%2Fcategories&post=145067"},{"taxonomy":"post_tag","embeddable":true,"href":"https:\/\/ucnoqta.az\/index.php?rest_route=%2Fwp%2Fv2%2Ftags&post=145067"}],"curies":[{"name":"wp","href":"https:\/\/api.w.org\/{rel}","templated":true}]}}