{"id":143874,"date":"2022-03-12T19:23:26","date_gmt":"2022-03-12T15:23:26","guid":{"rendered":""},"modified":"-0001-11-30T00:00:00","modified_gmt":"-0001-11-29T20:00:00","slug":"","status":"publish","type":"post","link":"https:\/\/ucnoqta.az\/?p=143874","title":{"rendered":"Zelenski Ukrayna Ordusunun itkil\u0259rini a\u00e7\u0131qlad\u0131"},"content":{"rendered":"<p><strong>Ukrayna Prezidenti Vladimir Zelenski Rusiya il\u0259 dan\u0131\u015f\u0131qlar\u0131n Q\u00fcdsd\u0259 ke\u00e7irilm\u0259sini t\u0259klif edib.<\/strong><\/p>\n<p>Kiyevd\u0259 xarici jurnalistl\u0259r \u00fc\u00e7\u00fcn a\u00e7\u0131qlamas\u0131nda o, \u0130srail Ba\u015f naziri Naftali Bennet\u0259 Rusiya il\u0259 g\u00f6r\u00fc\u015f\u00fcn Q\u00fcdsd\u0259 ke\u00e7irilm\u0259si il\u0259 ba\u011fl\u0131 t\u0259klif verdiyini s\u00f6yl\u0259yib.<\/p>\n<p>Prezident Belarusda ke\u00e7iril\u0259n Rusiya-Ukrayna dan\u0131\u015f\u0131qlar\u0131nda t\u0259r\u0259fl\u0259rin ultimatum dili il\u0259 dan\u0131\u015fmad\u0131\u011f\u0131n\u0131, konkret m\u00f6vzular\u0131 m\u00fczakir\u0259 etm\u0259y\u0259 ba\u015flad\u0131qlar\u0131n\u0131 \u0259lav\u0259 edib.<\/p>\n<p>Zelenski NATO \u00f6lk\u0259l\u0259rind\u0259 Ukrayna namin\u0259 birl\u0259\u015fm\u0259k c\u0259sar\u0259ti g\u00f6rm\u0259diyini d\u0259 vur\u011fulay\u0131b.<\/p>\n<p>O, h\u0259m\u00e7inin, d\u00f6y\u00fc\u015fl\u0259r ba\u015flad\u0131\u011f\u0131 g\u00fcnd\u0259n indiy\u0259 q\u0259d\u0259r Ukrayna Ordusunun 1300 h\u0259rb\u00e7isini itirdiyini a\u00e7\u0131qlay\u0131b.\/\/\/apa<\/p>\n","protected":false},"excerpt":{"rendered":"<p>Ukrayna Prezidenti Vladimir Zelenski Rusiya il\u0259 dan\u0131\u015f\u0131qlar\u0131n Q\u00fcdsd\u0259 ke\u00e7irilm\u0259sini t\u0259klif edib. Kiyevd\u0259 xarici jurnalistl\u0259r \u00fc\u00e7\u00fcn a\u00e7\u0131qlamas\u0131nda o, \u0130srail Ba\u015f naziri Naftali Bennet\u0259 Rusiya il\u0259 g\u00f6r\u00fc\u015f\u00fcn Q\u00fcdsd\u0259 ke\u00e7irilm\u0259si il\u0259 ba\u011fl\u0131 t\u0259klif&hellip;<\/p>\n","protected":false},"author":1,"featured_media":251278,"comment_status":"open","ping_status":"open","sticky":false,"template":"","format":"standard","meta":{"_lmt_disableupdate":"","_lmt_disable":"","footnotes":""},"categories":[89],"tags":[],"class_list":["post-143874","post","type-post","status-publish","format-standard","has-post-thumbnail","hentry","category-dunya-butun-xeberler"],"_links":{"self":[{"href":"https:\/\/ucnoqta.az\/index.php?rest_route=\/wp\/v2\/posts\/143874","targetHints":{"allow":["GET"]}}],"collection":[{"href":"https:\/\/ucnoqta.az\/index.php?rest_route=\/wp\/v2\/posts"}],"about":[{"href":"https:\/\/ucnoqta.az\/index.php?rest_route=\/wp\/v2\/types\/post"}],"author":[{"embeddable":true,"href":"https:\/\/ucnoqta.az\/index.php?rest_route=\/wp\/v2\/users\/1"}],"replies":[{"embeddable":true,"href":"https:\/\/ucnoqta.az\/index.php?rest_route=%2Fwp%2Fv2%2Fcomments&post=143874"}],"version-history":[{"count":0,"href":"https:\/\/ucnoqta.az\/index.php?rest_route=\/wp\/v2\/posts\/143874\/revisions"}],"wp:featuredmedia":[{"embeddable":true,"href":"https:\/\/ucnoqta.az\/index.php?rest_route=\/wp\/v2\/media\/251278"}],"wp:attachment":[{"href":"https:\/\/ucnoqta.az\/index.php?rest_route=%2Fwp%2Fv2%2Fmedia&parent=143874"}],"wp:term":[{"taxonomy":"category","embeddable":true,"href":"https:\/\/ucnoqta.az\/index.php?rest_route=%2Fwp%2Fv2%2Fcategories&post=143874"},{"taxonomy":"post_tag","embeddable":true,"href":"https:\/\/ucnoqta.az\/index.php?rest_route=%2Fwp%2Fv2%2Ftags&post=143874"}],"curies":[{"name":"wp","href":"https:\/\/api.w.org\/{rel}","templated":true}]}}