{"id":143871,"date":"2022-03-12T18:55:54","date_gmt":"2022-03-12T14:55:54","guid":{"rendered":""},"modified":"-0001-11-30T00:00:00","modified_gmt":"-0001-11-29T20:00:00","slug":"","status":"publish","type":"post","link":"https:\/\/ucnoqta.az\/?p=143871","title":{"rendered":"Az\u0259rbaycan v\u0259 Erm\u0259nistan X\u0130N ba\u015f\u00e7\u0131lar\u0131 Antalyada g\u00f6r\u00fc\u015f\u0259 bil\u0259r"},"content":{"rendered":"<p><strong>&ldquo;Bel\u0259 bir t\u0259klifl\u0259r var idi ki, Az\u0259rbaycan v\u0259 Erm\u0259nistan xarici i\u015fl\u0259r nazirl\u0259rinin Antalya Diplomatiya Forumu &ccedil;\u0259r&ccedil;iv\u0259sind\u0259 g&ouml;r&uuml;\u015f&uuml; ke&ccedil;irilsin. Az\u0259rbaycan h\u0259r zaman g&ouml;r&uuml;\u015fl\u0259r\u0259 haz\u0131rd\u0131r. Lakin bu g&ouml;r&uuml;\u015fl\u0259r sad\u0259c\u0259 g&ouml;r&uuml;\u015f namin\u0259 deyil, real h\u0259d\u0259fl\u0259r u\u011frunda olmal\u0131d\u0131r&rdquo;.<\/strong><\/p>\n<p>&ldquo;Report&rdquo; x\u0259b\u0259r verir ki, bunu Az\u0259rbaycan Prezidentinin k&ouml;m\u0259k&ccedil;isi &#8211; Prezident Administrasiyas\u0131n\u0131n Xarici siyas\u0259t m\u0259s\u0259l\u0259l\u0259ri \u015f&ouml;b\u0259sinin m&uuml;diri Hikm\u0259t Hac\u0131yev s&ouml;yl\u0259yib.<\/p>\n<p>&ldquo;Bu g&uuml;n Az\u0259rbaycan v\u0259 Erm\u0259nistan aras\u0131nda g&uuml;nd\u0259likd\u0259 kifay\u0259t q\u0259d\u0259r m&uuml;zakir\u0259 olunas\u0131 m\u0259s\u0259l\u0259l\u0259r var. Az\u0259rbaycan\u0131n da regional s&uuml;lh&uuml; g&uuml;cl\u0259ndirm\u0259k, t\u0259hl&uuml;k\u0259sizliyi t\u0259min etm\u0259k &uuml;&ccedil;&uuml;n bir s\u0131ra t\u0259klifl\u0259ri var. Bu t\u0259klifl\u0259rd\u0259n biri d\u0259 Az\u0259rbaycanla Erm\u0259nistan\u0131n s&uuml;lh m&uuml;qavil\u0259si \u0259traf\u0131nda dan\u0131\u015f\u0131qlara ba\u015flamas\u0131ndan ibar\u0259tdir. Amma Erm\u0259nistan t\u0259r\u0259fi buna h\u0259l\u0259lik cavab verm\u0259yib.<\/p>\n<p>Eyni zamanda kommunikasiya x\u0259tl\u0259rinin a&ccedil;\u0131lmas\u0131 da g&uuml;nd\u0259likd\u0259dir. Erm\u0259nistan\u0131n burada hans\u0131 q\u0259rar\u0131 verm\u0259sind\u0259n as\u0131l\u0131 olmayaraq biz art\u0131q Z\u0259ng\u0259zur d\u0259hlizinin ba\u015fqa platformada a&ccedil;\u0131lmas\u0131 prosesind\u0259yik. Burada x&uuml;susil\u0259 d&uuml;n\u0259n Az\u0259rbaycanla \u0130ran aras\u0131nda \u0259ld\u0259 olunan raz\u0131la\u015fman\u0131 qeyd etm\u0259k ist\u0259rdim. Art\u0131q Z\u0259ngilandak\u0131 A\u011fb\u0259nd k\u0259ndind\u0259n Araz &ccedil;ay\u0131 &uuml;z\u0259rind\u0259n iki k&ouml;rp&uuml; &ccedil;\u0259km\u0259kl\u0259 burada \u0130ran \u0259razisini tranzit yol kimi istifad\u0259 ed\u0259r\u0259k Nax&ccedil;\u0131vana daxil olmaq, orada is\u0259 T&uuml;rkiy\u0259, Az\u0259rbaycan v\u0259 \u0130ran\u0131 birl\u0259\u015fdir\u0259c\u0259k h\u0259m d\u0259mir yolu, h\u0259m avtomobil yolu daxil olmaqla yeni bir d\u0259hlizin \u0259sas\u0131n\u0131 qoymu\u015f oluruq. Eyni zamanda elektrik x\u0259tl\u0259rinin d\u0259 &ccedil;\u0259kilm\u0259si n\u0259z\u0259rd\u0259 tutulur, h\u0259tta r\u0259q\u0259msal fiber-optik x\u0259tl\u0259rinin &ccedil;\u0259kilm\u0259si g\u0259l\u0259c\u0259kd\u0259 n\u0259z\u0259rd\u0259n ke&ccedil;iril\u0259 bil\u0259r. Ona g&ouml;r\u0259 d\u0259 biz regionda v\u0259 regiondan k\u0259narda i\u015fl\u0259rimizi g&ouml;rm\u0259y\u0259 davam edirik v\u0259 \u0259g\u0259r Erm\u0259nistan regiondak\u0131 prosesl\u0259rd\u0259n k\u0259narda qalmaq ist\u0259mirs\u0259, bu kimi m\u0259s\u0259l\u0259l\u0259r\u0259 m&uuml;nasib\u0259t bildirm\u0259lidir. Bug&uuml;nk&uuml; Antalya Diplomatiya Forumunda Az\u0259rbaycan Erm\u0259nistanla g&ouml;r&uuml;\u015f\u0259 haz\u0131rd\u0131r. Erm\u0259nistan t\u0259r\u0259find\u0259n xo\u015fniyy\u0259t g&ouml;st\u0259rildiyi t\u0259qdird\u0259 bu g&ouml;r&uuml;\u015f ba\u015f tuta bil\u0259r&rdquo;.<\/p>\n","protected":false},"excerpt":{"rendered":"<p>&ldquo;Bel\u0259 bir t\u0259klifl\u0259r var idi ki, Az\u0259rbaycan v\u0259 Erm\u0259nistan xarici i\u015fl\u0259r nazirl\u0259rinin Antalya Diplomatiya Forumu &ccedil;\u0259r&ccedil;iv\u0259sind\u0259 g&ouml;r&uuml;\u015f&uuml; ke&ccedil;irilsin. Az\u0259rbaycan h\u0259r zaman g&ouml;r&uuml;\u015fl\u0259r\u0259 haz\u0131rd\u0131r. Lakin bu g&ouml;r&uuml;\u015fl\u0259r sad\u0259c\u0259 g&ouml;r&uuml;\u015f namin\u0259 deyil,&hellip;<\/p>\n","protected":false},"author":1,"featured_media":251278,"comment_status":"open","ping_status":"open","sticky":false,"template":"","format":"standard","meta":{"_lmt_disableupdate":"","_lmt_disable":"","footnotes":""},"categories":[],"tags":[],"class_list":["post-143871","post","type-post","status-publish","format-standard","has-post-thumbnail","hentry"],"_links":{"self":[{"href":"https:\/\/ucnoqta.az\/index.php?rest_route=\/wp\/v2\/posts\/143871","targetHints":{"allow":["GET"]}}],"collection":[{"href":"https:\/\/ucnoqta.az\/index.php?rest_route=\/wp\/v2\/posts"}],"about":[{"href":"https:\/\/ucnoqta.az\/index.php?rest_route=\/wp\/v2\/types\/post"}],"author":[{"embeddable":true,"href":"https:\/\/ucnoqta.az\/index.php?rest_route=\/wp\/v2\/users\/1"}],"replies":[{"embeddable":true,"href":"https:\/\/ucnoqta.az\/index.php?rest_route=%2Fwp%2Fv2%2Fcomments&post=143871"}],"version-history":[{"count":0,"href":"https:\/\/ucnoqta.az\/index.php?rest_route=\/wp\/v2\/posts\/143871\/revisions"}],"wp:featuredmedia":[{"embeddable":true,"href":"https:\/\/ucnoqta.az\/index.php?rest_route=\/wp\/v2\/media\/251278"}],"wp:attachment":[{"href":"https:\/\/ucnoqta.az\/index.php?rest_route=%2Fwp%2Fv2%2Fmedia&parent=143871"}],"wp:term":[{"taxonomy":"category","embeddable":true,"href":"https:\/\/ucnoqta.az\/index.php?rest_route=%2Fwp%2Fv2%2Fcategories&post=143871"},{"taxonomy":"post_tag","embeddable":true,"href":"https:\/\/ucnoqta.az\/index.php?rest_route=%2Fwp%2Fv2%2Ftags&post=143871"}],"curies":[{"name":"wp","href":"https:\/\/api.w.org\/{rel}","templated":true}]}}