{"id":143868,"date":"2022-03-12T18:08:59","date_gmt":"2022-03-12T14:08:59","guid":{"rendered":""},"modified":"-0001-11-30T00:00:00","modified_gmt":"-0001-11-29T20:00:00","slug":"","status":"publish","type":"post","link":"https:\/\/ucnoqta.az\/?p=143868","title":{"rendered":"\u015e\u0259hid general\u0131n ad\u0131 il\u0259 d\u0259l\u0259duzluq edir &#8211;<font color=red><b> Bu qad\u0131na D\u0130QQ\u018fT<\/b><\/font>"},"content":{"rendered":"<p><strong>&Ouml;z&uuml;n&uuml; \u015f\u0259hid general-mayor Polad H\u0259\u015fimovun bibisi kimi t\u0259qdim ed\u0259n qad\u0131n d\u0259l\u0259duzluq edir.<\/strong><\/p>\n<p>Bu bar\u0259d\u0259 \u015f\u0259hid general\u0131n bac\u0131s\u0131 K\u0259mal\u0259 H\u0259\u015fimova &ouml;z&uuml;n&uuml;n sosial \u015f\u0259b\u0259k\u0259 hesab\u0131nda bildirib. Onun s&ouml;zl\u0259rin\u0259 g&ouml;r\u0259, S\u0259kin\u0259 adl\u0131 qad\u0131n &ouml;z&uuml;n&uuml; Polad H\u0259\u015fimovun bibisi kimi t\u0259qdim ed\u0259r\u0259k ba\u015fqa m\u0259qs\u0259dl\u0259r &uuml;&ccedil;&uuml;n istifad\u0259 edir:<\/p>\n<p>&ldquo;R\u0259smd\u0259 g&ouml;rd&uuml;y&uuml;n&uuml;z bu qad\u0131n &ouml;z dediyin\u0259 g&ouml;r\u0259 \u0259sl\u0259n G\u0259nc\u0259li olsa da, Bak\u0131da ya\u015fayan S\u0259kin\u0259dir. Ba\u015fqa ziyar\u0259t&ccedil;il\u0259r kimi evimiz\u0259 g\u0259lib r\u0259sm d\u0259 &ccedil;\u0259kdirib. Amma bu qad\u0131n\u0131n bizim ail\u0259miz il\u0259 he&ccedil; bir qan ba\u011f\u0131 yoxdur. H\u0259r yerd\u0259 Polad\u0131n bibisiy\u0259m dey\u0259r\u0259k ba\u015fqa m\u0259qs\u0259dl\u0259r &uuml;&ccedil;&uuml;n istifad\u0259 edir. M&uuml;xt\u0259lif \u015firk\u0259tl\u0259r\u0259 ged\u0259r\u0259k yard\u0131m ist\u0259yir, pul y\u0131\u011f\u0131r. &Ccedil;ox xahi\u015f edir\u0259m \u0259g\u0259r bu adla kim\u0259s\u0259 yax\u0131nla\u015farsa h\u0259ddini bildirin. M\u0259nim Fatma ad\u0131nda xan\u0131m-xatun bir bibim var. &Ccedil;ox q&uuml;rurlu v\u0259 m\u0259\u011frur bir qad\u0131nd\u0131r. Bel\u0259 d\u0259l\u0259duzlara f&uuml;rs\u0259t verm\u0259yin&rdquo;.\/\/\/lent.az<\/p>\n","protected":false},"excerpt":{"rendered":"<p>&Ouml;z&uuml;n&uuml; \u015f\u0259hid general-mayor Polad H\u0259\u015fimovun bibisi kimi t\u0259qdim ed\u0259n qad\u0131n d\u0259l\u0259duzluq edir. Bu bar\u0259d\u0259 \u015f\u0259hid general\u0131n bac\u0131s\u0131 K\u0259mal\u0259 H\u0259\u015fimova &ouml;z&uuml;n&uuml;n sosial \u015f\u0259b\u0259k\u0259 hesab\u0131nda bildirib. Onun s&ouml;zl\u0259rin\u0259 g&ouml;r\u0259, S\u0259kin\u0259 adl\u0131 qad\u0131n&hellip;<\/p>\n","protected":false},"author":1,"featured_media":251278,"comment_status":"open","ping_status":"open","sticky":false,"template":"","format":"standard","meta":{"_lmt_disableupdate":"","_lmt_disable":"","footnotes":""},"categories":[],"tags":[],"class_list":["post-143868","post","type-post","status-publish","format-standard","has-post-thumbnail","hentry"],"_links":{"self":[{"href":"https:\/\/ucnoqta.az\/index.php?rest_route=\/wp\/v2\/posts\/143868","targetHints":{"allow":["GET"]}}],"collection":[{"href":"https:\/\/ucnoqta.az\/index.php?rest_route=\/wp\/v2\/posts"}],"about":[{"href":"https:\/\/ucnoqta.az\/index.php?rest_route=\/wp\/v2\/types\/post"}],"author":[{"embeddable":true,"href":"https:\/\/ucnoqta.az\/index.php?rest_route=\/wp\/v2\/users\/1"}],"replies":[{"embeddable":true,"href":"https:\/\/ucnoqta.az\/index.php?rest_route=%2Fwp%2Fv2%2Fcomments&post=143868"}],"version-history":[{"count":0,"href":"https:\/\/ucnoqta.az\/index.php?rest_route=\/wp\/v2\/posts\/143868\/revisions"}],"wp:featuredmedia":[{"embeddable":true,"href":"https:\/\/ucnoqta.az\/index.php?rest_route=\/wp\/v2\/media\/251278"}],"wp:attachment":[{"href":"https:\/\/ucnoqta.az\/index.php?rest_route=%2Fwp%2Fv2%2Fmedia&parent=143868"}],"wp:term":[{"taxonomy":"category","embeddable":true,"href":"https:\/\/ucnoqta.az\/index.php?rest_route=%2Fwp%2Fv2%2Fcategories&post=143868"},{"taxonomy":"post_tag","embeddable":true,"href":"https:\/\/ucnoqta.az\/index.php?rest_route=%2Fwp%2Fv2%2Ftags&post=143868"}],"curies":[{"name":"wp","href":"https:\/\/api.w.org\/{rel}","templated":true}]}}