{"id":143866,"date":"2022-03-12T18:15:00","date_gmt":"2022-03-12T14:15:00","guid":{"rendered":""},"modified":"-0001-11-30T00:00:00","modified_gmt":"-0001-11-29T20:00:00","slug":"","status":"publish","type":"post","link":"https:\/\/ucnoqta.az\/?p=143866","title":{"rendered":"Az\u0259rbaycan\u0131n Erm\u0259nistana be\u015f madd\u0259lik t\u0259klif verm\u0259sinin m\u0259qs\u0259di \u2013 <font color=red><b>Nazird\u0259n A\u00c7IQLAMA<\/b><\/font>"},"content":{"rendered":"<p><strong>Az\u0259rbaycan\u0131n xarici i\u015fl\u0259r naziri Ceyhun Bayramov r\u0259smi Bak\u0131n\u0131n Erm\u0259nistana be\u015f madd\u0259d\u0259n ibar\u0259t t\u0259klif verm\u0259sinin m\u0259qs\u0259dl\u0259rini a&ccedil;\u0131qlay\u0131b.<\/strong><\/p>\n<p>Nazir jurnalistl\u0259r\u0259 a&ccedil;\u0131qlamas\u0131nda bildirib ki, Az\u0259rbaycan Erm\u0259nistana s&uuml;lh m&uuml;qavil\u0259si &uuml;z\u0259rind\u0259 i\u015fl\u0259m\u0259yi t\u0259klif edir.<\/p>\n<p>&quot;Erm\u0259nistana ir\u0259li s&uuml;r&uuml;l\u0259n be\u015f madd\u0259lik t\u0259klifin \u0259sas f\u0259ls\u0259f\u0259si ondan ibar\u0259tdir ki, 44 g&uuml;nl&uuml;k V\u0259t\u0259n m&uuml;harib\u0259si ba\u015fa &ccedil;atandan, y\u0259ni 30 illik i\u015f\u011fala son qoyulandan, Az\u0259rbaycan\u0131n \u0259razi b&uuml;t&ouml;vl&uuml;y&uuml; b\u0259rpa edildikd\u0259n sonra Az\u0259rbaycan Prezidenti \u0130lham \u018fliyev Az\u0259rbaycan d&ouml;vl\u0259tinin bu s\u0259hif\u0259ni ba\u011flama\u011fa haz\u0131r oldu\u011funu bildirmi\u015fdi. Bel\u0259 olan t\u0259qdird\u0259 Az\u0259rbaycan Erm\u0259nistana s&uuml;lh m&uuml;qavil\u0259si &uuml;z\u0259rind\u0259 i\u015fl\u0259m\u0259y\u0259 haz\u0131rl\u0131\u011f\u0131n\u0131 b\u0259yan etmi\u015fdi. Bu mesaj Erm\u0259nistana t\u0259xmin\u0259n bir il bundan \u0259vv\u0259l verilmi\u015fdi. Bir il \u0259rzind\u0259 bir ne&ccedil;\u0259 d\u0259f\u0259 bu t\u0259klif g&uuml;nd\u0259m\u0259 g\u0259tirilib.<\/p>\n<p>Az\u0259rbaycan beyn\u0259lxalq m&uuml;nasib\u0259tl\u0259rin m\u0259suliyy\u0259tli &uuml;zv&uuml;d&uuml;r. Biz h\u0259m ikit\u0259r\u0259fli m&uuml;nasib\u0259tl\u0259rin inki\u015faf etm\u0259sind\u0259, h\u0259m d\u0259 daha geni\u015f m\u0259nada b&ouml;lg\u0259d\u0259 s&uuml;lh, inki\u015faf v\u0259 t\u0259r\u0259qqinin t\u0259min edilm\u0259si &uuml;&ccedil;&uuml;n qon\u015fu &ouml;lk\u0259l\u0259r aras\u0131nda m&uuml;nasib\u0259tl\u0259rin qurulmas\u0131nda maraql\u0131y\u0131q. \u0130ndiki v\u0259ziyy\u0259t, y\u0259ni Az\u0259rbaycanla Erm\u0259nistan aras\u0131nda faktiki olaraq m&uuml;nasib\u0259tl\u0259rin, \u0259laq\u0259l\u0259rin olmamas\u0131, d&uuml;\u015fm\u0259n&ccedil;iliyin saxlanmas\u0131 n\u0259 Az\u0259rbaycan, n\u0259 Erm\u0259nistan, n\u0259 d\u0259 region &uuml;&ccedil;&uuml;n fayda g\u0259tir\u0259n deyil. Bundan ir\u0259li g\u0259l\u0259r\u0259k Az\u0259rbaycan bu add\u0131m\u0131 atd\u0131. Bir il\u0259 yax\u0131n m&uuml;dd\u0259t \u0259rzind\u0259 Az\u0259rbaycan Erm\u0259nistandan he&ccedil; bir konkret cavab almay\u0131b. Bu m\u0259s\u0259l\u0259d\u0259 Az\u0259rbaycan t\u0259r\u0259fi olaraq n&ouml;vb\u0259ti add\u0131m\u0131 at\u0131b xo\u015f niyy\u0259timizi g&ouml;st\u0259rdik&quot;, &#8211; nazir vur\u011fulay\u0131b.\/\/\/report<\/p>\n","protected":false},"excerpt":{"rendered":"<p>Az\u0259rbaycan\u0131n xarici i\u015fl\u0259r naziri Ceyhun Bayramov r\u0259smi Bak\u0131n\u0131n Erm\u0259nistana be\u015f madd\u0259d\u0259n ibar\u0259t t\u0259klif verm\u0259sinin m\u0259qs\u0259dl\u0259rini a&ccedil;\u0131qlay\u0131b. Nazir jurnalistl\u0259r\u0259 a&ccedil;\u0131qlamas\u0131nda bildirib ki, Az\u0259rbaycan Erm\u0259nistana s&uuml;lh m&uuml;qavil\u0259si &uuml;z\u0259rind\u0259 i\u015fl\u0259m\u0259yi t\u0259klif edir. &quot;Erm\u0259nistana&hellip;<\/p>\n","protected":false},"author":1,"featured_media":251278,"comment_status":"open","ping_status":"open","sticky":false,"template":"","format":"standard","meta":{"_lmt_disableupdate":"","_lmt_disable":"","footnotes":""},"categories":[],"tags":[],"class_list":["post-143866","post","type-post","status-publish","format-standard","has-post-thumbnail","hentry"],"_links":{"self":[{"href":"https:\/\/ucnoqta.az\/index.php?rest_route=\/wp\/v2\/posts\/143866","targetHints":{"allow":["GET"]}}],"collection":[{"href":"https:\/\/ucnoqta.az\/index.php?rest_route=\/wp\/v2\/posts"}],"about":[{"href":"https:\/\/ucnoqta.az\/index.php?rest_route=\/wp\/v2\/types\/post"}],"author":[{"embeddable":true,"href":"https:\/\/ucnoqta.az\/index.php?rest_route=\/wp\/v2\/users\/1"}],"replies":[{"embeddable":true,"href":"https:\/\/ucnoqta.az\/index.php?rest_route=%2Fwp%2Fv2%2Fcomments&post=143866"}],"version-history":[{"count":0,"href":"https:\/\/ucnoqta.az\/index.php?rest_route=\/wp\/v2\/posts\/143866\/revisions"}],"wp:featuredmedia":[{"embeddable":true,"href":"https:\/\/ucnoqta.az\/index.php?rest_route=\/wp\/v2\/media\/251278"}],"wp:attachment":[{"href":"https:\/\/ucnoqta.az\/index.php?rest_route=%2Fwp%2Fv2%2Fmedia&parent=143866"}],"wp:term":[{"taxonomy":"category","embeddable":true,"href":"https:\/\/ucnoqta.az\/index.php?rest_route=%2Fwp%2Fv2%2Fcategories&post=143866"},{"taxonomy":"post_tag","embeddable":true,"href":"https:\/\/ucnoqta.az\/index.php?rest_route=%2Fwp%2Fv2%2Ftags&post=143866"}],"curies":[{"name":"wp","href":"https:\/\/api.w.org\/{rel}","templated":true}]}}