{"id":143863,"date":"2022-03-12T17:52:10","date_gmt":"2022-03-12T13:52:10","guid":{"rendered":""},"modified":"-0001-11-30T00:00:00","modified_gmt":"-0001-11-29T20:00:00","slug":"","status":"publish","type":"post","link":"https:\/\/ucnoqta.az\/?p=143863","title":{"rendered":"Qida m\u0259hsullar\u0131na \u201cm\u00fcalic\u0259vi\u201d, \u201cp\u0259hriz\u201d kimi adlar verilm\u0259y\u0259c\u0259k"},"content":{"rendered":"<p><strong>&ldquo;Qida t\u0259hl&uuml;k\u0259sizliyi haqq\u0131nda&rdquo; yeni qanun layih\u0259sinin q\u0259bulu il\u0259 qida m\u0259hsullar\u0131na &ldquo;m&uuml;alic\u0259vi&rdquo;, &ldquo;p\u0259hriz&rdquo; kimi adlar\u0131n verilm\u0259si l\u0259\u011fv edil\u0259c\u0259k..<\/strong><\/p>\n<p>Bu bar\u0259d\u0259 Ucnoqta.az-a Az\u0259rbaycan Qida T\u0259hl&uuml;k\u0259sizliyi Agentliyind\u0259n m\u0259lumat verilib.<\/p>\n<p>Qeyd olunub ki, h\u0259r hans\u0131 bir qida m\u0259hsulunun etiketind\u0259 h\u0259min m\u0259hsulun insan x\u0259st\u0259likl\u0259rinin qar\u015f\u0131s\u0131n\u0131 almas\u0131, m&uuml;alic\u0259vi x&uuml;susiyy\u0259tl\u0259r\u0259 malik olmas\u0131 haqq\u0131nda m\u0259lumatlar verilm\u0259si v\u0259 ya bu c&uuml;r t\u0259\u0259ss&uuml;rat yaradan ifad\u0259l\u0259rin qeyd edilm\u0259si yeni qanunla qada\u011fan edilib.<\/p>\n<p>H\u0259m&ccedil;inin qida m\u0259hsullar\u0131n\u0131n etiket m\u0259lumatlar\u0131 (markalama) il\u0259 ba\u011fl\u0131 yeni t\u0259l\u0259bl\u0259r m&uuml;\u0259yy\u0259nl\u0259\u015fib. Etiketl\u0259m\u0259 t\u0259l\u0259bl\u0259rin\u0259 dair \u0259lav\u0259 m&uuml;dd\u0259lar &ldquo;Qida t\u0259hl&uuml;k\u0259sizliyi haqq\u0131nda&rdquo; qanunda yer al\u0131b. \u0130stehlak&ccedil;\u0131lar\u0131n qavrama v\u0259 informasiya ehtiyaclar\u0131n\u0131n f\u0259rqliliyi n\u0259z\u0259r\u0259 al\u0131naraq haz\u0131rlanan m&uuml;dd\u0259alar qida m\u0259hsullar\u0131 haqq\u0131nda m\u0259lumatlar\u0131n d&uuml;zg&uuml;n t\u0259qdim edilm\u0259si yolu il\u0259 istehlak&ccedil;\u0131 h&uuml;quqlar\u0131n\u0131n m&uuml;dafi\u0259sinin t\u0259min edilm\u0259si m\u0259qs\u0259di da\u015f\u0131y\u0131r.<\/p>\n<p>Qanuna \u0259sas\u0259n, m\u0259hsulun etiketi &uuml;z\u0259rind\u0259 h\u0259min qida m\u0259hsuluna xas olmayan t\u0259sir v\u0259 ya xass\u0259l\u0259r g&ouml;st\u0259rilm\u0259m\u0259lidir. &Ccedil;&uuml;nki qida m\u0259hsulu &uuml;z\u0259rind\u0259 yaln\u0131\u015f m\u0259lumatlar\u0131n yerl\u0259\u015fdirilm\u0259si istehlak&ccedil;\u0131lar\u0131n aldad\u0131lmas\u0131, dolay\u0131s\u0131 il\u0259 onlar\u0131n h&uuml;quqlar\u0131n\u0131n pozulmas\u0131 il\u0259 n\u0259tic\u0259l\u0259n\u0259 bil\u0259r.<\/p>\n<p>Apar\u0131lan m&uuml;\u015fahid\u0259l\u0259r istehlak bazar\u0131nda bu kimi hallar\u0131n m&ouml;vcudlu\u011funu &uuml;z\u0259 &ccedil;\u0131xar\u0131b. Bel\u0259 ki, b&uuml;t&uuml;n analoji qida m\u0259hsullar\u0131 il\u0259 eyni xass\u0259l\u0259r\u0259 sahib oldu\u011fu halda m&uuml;\u0259yy\u0259n bir qida m\u0259hsulunun x&uuml;susi xass\u0259l\u0259r\u0259 malik oldu\u011funa v\u0259 t\u0259rkibind\u0259 x&uuml;susi inqrediyentl\u0259rin v\u0259 ya qida madd\u0259l\u0259rinin m&ouml;vcudlu\u011fu v\u0259 ya olmamas\u0131na dair ifad\u0259l\u0259rin yer ald\u0131\u011f\u0131 m\u0259hsullara rast g\u0259linir. Bu hal h\u0259min m\u0259hsullar\u0131n dig\u0259r analoji m\u0259hsullardan daha &uuml;st&uuml;n olmas\u0131 t\u0259\u0259ss&uuml;rat\u0131 yaratmaqla, istehlak&ccedil;\u0131larda yanl\u0131\u015f fikrin formala\u015fmas\u0131na g\u0259tirib &ccedil;\u0131xar\u0131r. &ldquo;Qida t\u0259hl&uuml;k\u0259sizliyi haqq\u0131nda&rdquo; qanunda yer alan m&uuml;vafiq t\u0259l\u0259b m\u0259hz bu kimi hallar\u0131n m&ouml;vcudlu\u011funu aradan qald\u0131rma\u011fa xidm\u0259t edir. Qanuna \u0259sas\u0259n, sahibkarl\u0131q subyektl\u0259ri t\u0259r\u0259find\u0259n eynixass\u0259li ox\u015far qida m\u0259hsullar\u0131n\u0131n h\u0259r birin\u0259 m\u0259xsus xass\u0259l\u0259r x&uuml;susi xass\u0259l\u0259r kimi t\u0259qdim edilm\u0259m\u0259lidir.<\/p>\n","protected":false},"excerpt":{"rendered":"<p>&ldquo;Qida t\u0259hl&uuml;k\u0259sizliyi haqq\u0131nda&rdquo; yeni qanun layih\u0259sinin q\u0259bulu il\u0259 qida m\u0259hsullar\u0131na &ldquo;m&uuml;alic\u0259vi&rdquo;, &ldquo;p\u0259hriz&rdquo; kimi adlar\u0131n verilm\u0259si l\u0259\u011fv edil\u0259c\u0259k.. Bu bar\u0259d\u0259 Ucnoqta.az-a Az\u0259rbaycan Qida T\u0259hl&uuml;k\u0259sizliyi Agentliyind\u0259n m\u0259lumat verilib. Qeyd olunub ki, h\u0259r&hellip;<\/p>\n","protected":false},"author":1,"featured_media":251278,"comment_status":"open","ping_status":"open","sticky":false,"template":"","format":"standard","meta":{"_lmt_disableupdate":"","_lmt_disable":"","footnotes":""},"categories":[101],"tags":[],"class_list":["post-143863","post","type-post","status-publish","format-standard","has-post-thumbnail","hentry","category-cemiyyet"],"_links":{"self":[{"href":"https:\/\/ucnoqta.az\/index.php?rest_route=\/wp\/v2\/posts\/143863","targetHints":{"allow":["GET"]}}],"collection":[{"href":"https:\/\/ucnoqta.az\/index.php?rest_route=\/wp\/v2\/posts"}],"about":[{"href":"https:\/\/ucnoqta.az\/index.php?rest_route=\/wp\/v2\/types\/post"}],"author":[{"embeddable":true,"href":"https:\/\/ucnoqta.az\/index.php?rest_route=\/wp\/v2\/users\/1"}],"replies":[{"embeddable":true,"href":"https:\/\/ucnoqta.az\/index.php?rest_route=%2Fwp%2Fv2%2Fcomments&post=143863"}],"version-history":[{"count":0,"href":"https:\/\/ucnoqta.az\/index.php?rest_route=\/wp\/v2\/posts\/143863\/revisions"}],"wp:featuredmedia":[{"embeddable":true,"href":"https:\/\/ucnoqta.az\/index.php?rest_route=\/wp\/v2\/media\/251278"}],"wp:attachment":[{"href":"https:\/\/ucnoqta.az\/index.php?rest_route=%2Fwp%2Fv2%2Fmedia&parent=143863"}],"wp:term":[{"taxonomy":"category","embeddable":true,"href":"https:\/\/ucnoqta.az\/index.php?rest_route=%2Fwp%2Fv2%2Fcategories&post=143863"},{"taxonomy":"post_tag","embeddable":true,"href":"https:\/\/ucnoqta.az\/index.php?rest_route=%2Fwp%2Fv2%2Ftags&post=143863"}],"curies":[{"name":"wp","href":"https:\/\/api.w.org\/{rel}","templated":true}]}}