{"id":143850,"date":"2022-03-12T11:30:46","date_gmt":"2022-03-12T07:30:46","guid":{"rendered":""},"modified":"-0001-11-30T00:00:00","modified_gmt":"-0001-11-29T20:00:00","slug":"","status":"publish","type":"post","link":"https:\/\/ucnoqta.az\/?p=143850","title":{"rendered":"Bu g\u00fcn Daxili Qo\u015funlar\u0131n yaranma g\u00fcn\u00fcd\u00fcr"},"content":{"rendered":"<p><strong>Mart\u0131n 12-d\u0259 Daxili \u0130\u015fl\u0259r Nazirliyi Daxili Qo\u015funlar\u0131n\u0131n yaranmas\u0131ndan 30 il &ouml;t&uuml;r.<\/strong><\/p>\n<p>1991-ci ilin dekabr\u0131nda sabiq SSR\u0130 Daxili \u0130\u015fl\u0259r Nazirliyi Daxili Qo\u015funlar\u0131n\u0131n Bak\u0131da yerl\u0259\u015f\u0259n 5-ci diviziyas\u0131 burax\u0131l\u0131b v\u0259 hey\u0259ti 2500 n\u0259f\u0259rd\u0259n ibar\u0259t olan &uuml;&ccedil; h\u0259rbi hiss\u0259 Az\u0259rbaycan Respublikas\u0131 Daxili \u0130\u015fl\u0259r Nazirliyinin tabeliyin\u0259 verilib.<\/p>\n<p>H\u0259min vaxtdan Az\u0259rbaycan Daxili Qo\u015funlar\u0131n\u0131n Bil\u0259c\u0259ri q\u0259s\u0259b\u0259sind\u0259 yerl\u0259\u015f\u0259n h\u0259rbi hiss\u0259nin \u0259sas\u0131nda yarad\u0131lmas\u0131na ba\u015flan\u0131b. Daxili Qo\u015funlar\u0131n Az\u0259rbaycan Daxili \u0130\u015fl\u0259r Nazirliyinin m&uuml;st\u0259qil strukturu kimi yaranmas\u0131 v\u0259 formala\u015fmas\u0131 &ouml;lk\u0259mizin &ccedil;ox &ccedil;\u0259tin bir d&ouml;vr&uuml;n\u0259 t\u0259sad&uuml;f edib.<\/p>\n<p>1992-ci il mart\u0131n 12-d\u0259 Daxili Qo\u015funlar\u0131n Bil\u0259c\u0259ri, Sumqay\u0131t, G\u0259nc\u0259 h\u0259rbi hiss\u0259l\u0259ri erm\u0259ni i\u015f\u011fal&ccedil;\u0131lar\u0131na qar\u015f\u0131 d&ouml;y&uuml;\u015fl\u0259r\u0259 ba\u015flay\u0131b, Az\u0259rbaycan\u0131n \u0259razi b&uuml;t&ouml;vl&uuml;y&uuml; u\u011frunda A\u011fdam rayonunun Paprav\u0259nd, Qalay&ccedil;\u0131lar, Manikli, Ba\u015f G&uuml;neyp\u0259y\u0259, Canyataq, G&uuml;lyataq k\u0259ndl\u0259rind\u0259 vuru\u015fublar. D&ouml;y&uuml;\u015fl\u0259rd\u0259 &ccedil;avu\u015f H\u0259t\u0259mxan Babayev, leytenant Rafiq \u0130smay\u0131lov, ba\u015f leytenant Ruber S\u0259f\u0259r\u0259liyev Daxili Qo\u015funlar\u0131n ilk \u015f\u0259hidl\u0259ri olublar. H\u0259min d&ouml;y&uuml;\u015f g&uuml;n&uuml; r\u0259mzi olaraq Daxili Qo\u015funlar G&uuml;n&uuml; kimi m&uuml;\u0259yy\u0259n edilib.<\/p>\n<p>1995-ci il mart\u0131n 9-da &uuml;mummilli lider Heyd\u0259r \u018fliyevin imzalad\u0131\u011f\u0131 m&uuml;vafiq F\u0259rmanla Az\u0259rbaycan Daxili Qo\u015funlar\u0131n\u0131n &ouml;lk\u0259mizin m&uuml;st\u0259qilliyi, \u0259razi b&uuml;t&ouml;vl&uuml;y&uuml; u\u011frunda erm\u0259ni i\u015f\u011fal&ccedil;\u0131lar\u0131na qar\u015f\u0131 d&ouml;y&uuml;\u015f\u0259 ba\u015flad\u0131qlar\u0131 g&uuml;n &ndash; mart\u0131n 12-si Daxili Qo\u015funlar G&uuml;n&uuml; elan olunub.<\/p>\n<p>DQ-lar Az\u0259rbaycan\u0131n Daxili \u0130\u015fl\u0259r Nazirliyin\u0259 tabe v\u0259 Az\u0259rbaycan Silahl\u0131 Q&uuml;vv\u0259l\u0259rin\u0259 daxil olan h\u0259rbi birl\u0259\u015fm\u0259dir.&nbsp;<\/p>\n<p>Az\u0259rbaycan\u0131n Daxili Qo\u015funlar\u0131 onlara h\u0259val\u0259 olunmu\u015f v\u0259zif\u0259l\u0259ri yerin\u0259 yetir\u0259n zaman \u015f\u0259xsiyy\u0259tin, c\u0259miyy\u0259tin v\u0259 d&ouml;vl\u0259tin m\u0259nafeyini, v\u0259t\u0259nda\u015flar\u0131n Konstitusiya h&uuml;quqlar\u0131n\u0131 v\u0259 azadl\u0131qlar\u0131n\u0131 cinay\u0259t v\u0259 dig\u0259r h&uuml;quqa zidd q\u0259sdl\u0259rd\u0259n qoruyur.<\/p>\n<p>Daxili Qo\u015funlar\u0131n&nbsp;h\u0259rbi qulluq&ccedil;ular\u0131 1992&ndash;1994-c&uuml; ill\u0259rd\u0259 ba\u015f ver\u0259n 1-ci Qaraba\u011f m&uuml;harib\u0259sind\u0259 v\u0259 2020-ci ild\u0259 ba\u015f ver\u0259n 44 g&uuml;nl&uuml;k V\u0259t\u0259n m&uuml;harib\u0259sind\u0259 sava\u015f\u0131blar.&nbsp;<\/p>\n<p>Birinci Qaraba\u011f m&uuml;harib\u0259si zaman\u0131 A\u011fdam, A\u011fd\u0259r\u0259 v\u0259 F&uuml;zuli rayonlar\u0131n\u0131n ya\u015fay\u0131\u015f m\u0259nt\u0259q\u0259l\u0259ri Daxili Qo\u015funlar\u0131n A\u011fdam alay\u0131n\u0131n \u015f\u0259xsi hey\u0259ti t\u0259r\u0259find\u0259n azad edilib v\u0259 m&uuml;dafi\u0259 olunub.&nbsp;<\/p>\n<p>1992&ndash;1994-c&uuml; ill\u0259rd\u0259 &uuml;mumi olaraq Daxili \u0130\u015fl\u0259r Nazirliyinin Daxili Qo\u015funlar\u0131n\u0131n \u015f\u0259xsi hey\u0259tind\u0259n 680 n\u0259f\u0259r \u015f\u0259hid olub, be\u015f n\u0259f\u0259r itkin d&uuml;\u015f&uuml;b, 1177 n\u0259f\u0259r is\u0259 yaralan\u0131b. S\u0259kkizi &ouml;l&uuml;m&uuml;nd\u0259n sonra olmaqla 9 n\u0259f\u0259r Az\u0259rbaycan\u0131n Milli Q\u0259hr\u0259man\u0131 ad\u0131na layiq g&ouml;r&uuml;l&uuml;b.<\/p>\n<p>V\u0259t\u0259n m&uuml;harib\u0259si zaman\u0131 is\u0259 Daxili Qo\u015funlar\u0131n \u015f\u0259xsi hey\u0259ti Murov zirv\u0259sinin, h\u0259m&ccedil;inin C\u0259bray\u0131l\u0131n, Hadrut q\u0259s\u0259b\u0259sinin, F&uuml;zulinin v\u0259 \u015eu\u015fan\u0131n azad edilm\u0259si u\u011frunda ged\u0259n d&ouml;y&uuml;\u015fl\u0259rd\u0259 vuru\u015fmu\u015fdur. 44 g&uuml;n \u0259rzind\u0259 &uuml;mumi olaraq Daxili \u0130\u015fl\u0259r Nazirliyinin Daxili Qo\u015funlar\u0131n\u0131n \u015f\u0259xsi hey\u0259tind\u0259n 66 n\u0259f\u0259r \u015f\u0259hid olub,&nbsp; 346 n\u0259f\u0259r is\u0259 yaralanm\u0131\u015fd\u0131r, 1-i &ouml;l&uuml;m&uuml;nd\u0259n sonra olmaqla is\u0259 4 n\u0259f\u0259r V\u0259t\u0259n M&uuml;harib\u0259si Q\u0259hr\u0259man\u0131 ad\u0131na layiq g&ouml;r&uuml;l&uuml;b.<\/p>\n<p>Daxili Qo\u015funlar\u0131n hal-haz\u0131rda Az\u0259rbaycan \u0259razisind\u0259 be\u015f \u015f\u0259h\u0259rd\u0259 v\u0259 doqquz rayonda h\u0259rbi hiss\u0259l\u0259ri m&ouml;vcuddur. H\u0259m&ccedil;inin Daxili Qo\u015funlar\u0131n x&uuml;susi t\u0259yinatl\u0131 h\u0259rbi qulluq&ccedil;ulardan (\u0259sas\u0259n gizirl\u0259rd\u0259n v\u0259 zabitl\u0259rd\u0259n) ibar\u0259t x&uuml;susi t\u0259yinatl\u0131 d\u0259st\u0259l\u0259ri m&ouml;vcuddur. Hal-haz\u0131rda &uuml;mumi olaraq Daxili Qo\u015funlar\u0131n 9 X&uuml;susi T\u0259yinatl\u0131 D\u0259st\u0259si m&ouml;vcuddur.<\/p>\n<p>Daxili Qo\u015funlar\u0131n Komandan\u0131 2013-c&uuml; il noyabr\u0131n 15-d\u0259n general-leytenant \u015eahin \u0130sg\u0259nd\u0259r o\u011flu M\u0259mm\u0259dovdur, Q\u0259rargah r\u0259isi 2018-ci il fevral\u0131n 15-d\u0259n general-mayor Tofiq Vaqif o\u011flu H&uuml;seynovdur.\/\/\/oxu.az<\/p>\n","protected":false},"excerpt":{"rendered":"<p>Mart\u0131n 12-d\u0259 Daxili \u0130\u015fl\u0259r Nazirliyi Daxili Qo\u015funlar\u0131n\u0131n yaranmas\u0131ndan 30 il &ouml;t&uuml;r. 1991-ci ilin dekabr\u0131nda sabiq SSR\u0130 Daxili \u0130\u015fl\u0259r Nazirliyi Daxili Qo\u015funlar\u0131n\u0131n Bak\u0131da yerl\u0259\u015f\u0259n 5-ci diviziyas\u0131 burax\u0131l\u0131b v\u0259 hey\u0259ti 2500 n\u0259f\u0259rd\u0259n&hellip;<\/p>\n","protected":false},"author":1,"featured_media":251278,"comment_status":"open","ping_status":"open","sticky":false,"template":"","format":"standard","meta":{"_lmt_disableupdate":"","_lmt_disable":"","footnotes":""},"categories":[],"tags":[],"class_list":["post-143850","post","type-post","status-publish","format-standard","has-post-thumbnail","hentry"],"_links":{"self":[{"href":"https:\/\/ucnoqta.az\/index.php?rest_route=\/wp\/v2\/posts\/143850","targetHints":{"allow":["GET"]}}],"collection":[{"href":"https:\/\/ucnoqta.az\/index.php?rest_route=\/wp\/v2\/posts"}],"about":[{"href":"https:\/\/ucnoqta.az\/index.php?rest_route=\/wp\/v2\/types\/post"}],"author":[{"embeddable":true,"href":"https:\/\/ucnoqta.az\/index.php?rest_route=\/wp\/v2\/users\/1"}],"replies":[{"embeddable":true,"href":"https:\/\/ucnoqta.az\/index.php?rest_route=%2Fwp%2Fv2%2Fcomments&post=143850"}],"version-history":[{"count":0,"href":"https:\/\/ucnoqta.az\/index.php?rest_route=\/wp\/v2\/posts\/143850\/revisions"}],"wp:featuredmedia":[{"embeddable":true,"href":"https:\/\/ucnoqta.az\/index.php?rest_route=\/wp\/v2\/media\/251278"}],"wp:attachment":[{"href":"https:\/\/ucnoqta.az\/index.php?rest_route=%2Fwp%2Fv2%2Fmedia&parent=143850"}],"wp:term":[{"taxonomy":"category","embeddable":true,"href":"https:\/\/ucnoqta.az\/index.php?rest_route=%2Fwp%2Fv2%2Fcategories&post=143850"},{"taxonomy":"post_tag","embeddable":true,"href":"https:\/\/ucnoqta.az\/index.php?rest_route=%2Fwp%2Fv2%2Ftags&post=143850"}],"curies":[{"name":"wp","href":"https:\/\/api.w.org\/{rel}","templated":true}]}}