{"id":143847,"date":"2022-03-12T11:07:55","date_gmt":"2022-03-12T07:07:55","guid":{"rendered":""},"modified":"-0001-11-30T00:00:00","modified_gmt":"-0001-11-29T20:00:00","slug":"","status":"publish","type":"post","link":"https:\/\/ucnoqta.az\/?p=143847","title":{"rendered":"&#8220;Anam\u0131n ya\u015fad\u0131\u011f\u0131 ev tamamil\u0259 da\u011f\u0131d\u0131l\u0131b&#8221; &#8211;<font color=red><b> S\u0259fir<\/b><\/font>"},"content":{"rendered":"<p><strong>Ukraynan\u0131n b\u0259zi \u015f\u0259h\u0259rl\u0259rind\u0259 humanitar v\u0259ziyy\u0259t &ccedil;ox a\u011f\u0131rd\u0131r.<\/strong><\/p>\n<p>Bunu jurnalistl\u0259r\u0259 a&ccedil;\u0131qlamas\u0131nda Ukraynan\u0131n Az\u0259rbaycandak\u0131 s\u0259firi Vladislav Kanevski deyib<\/p>\n<p>&quot;Haz\u0131rda \u0259n a\u011f\u0131r humanitar f\u0259lak\u0259tin m&uuml;\u015fahid\u0259 olundu\u011fu yerl\u0259r Mariupol, \u0130zyum, Volnovaxa \u015f\u0259h\u0259rl\u0259ridir. Bu \u015f\u0259h\u0259rl\u0259rd\u0259 minl\u0259rl\u0259 v\u0259t\u0259nda\u015f\u0131m\u0131z\u0131 faktiki olaraq girov v\u0259ziyy\u0259tind\u0259dirl\u0259r. Biz d&uuml;nyan\u0131n, o c&uuml;ml\u0259d\u0259n Az\u0259rbaycan\u0131n Ukraynaya n\u0259 q\u0259d\u0259r yard\u0131m etdiyini g&ouml;r&uuml;r&uuml;k. H\u0259min b&ouml;lg\u0259l\u0259rd\u0259n &ccedil;\u0131xa bil\u0259n insanlar buradan g\u0259l\u0259n humanitar yard\u0131mdan istifad\u0259 edirl\u0259r. Amma o \u015f\u0259h\u0259rl\u0259rd\u0259 qalan insanlar is\u0259 b&uuml;t&uuml;n bu yard\u0131mdan, yem\u0259kd\u0259n, d\u0259rmandan m\u0259hrumdurlar. Bu \u015f\u0259h\u0259rl\u0259rd\u0259 dinc \u0259halinin say\u0131 bar\u0259d\u0259 m\u0259lumat\u0131m\u0131z yoxdur&quot;, &#8211; s\u0259fir deyib.<\/p>\n<p>Diplomat bildirib ki, anas\u0131n\u0131n ya\u015fad\u0131\u011f\u0131 ev tamamil\u0259 da\u011f\u0131l\u0131b:<\/p>\n<p>&quot;O, sad\u0259c\u0259 bomba s\u0131\u011f\u0131naca\u011f\u0131nda oldu\u011funa g&ouml;r\u0259 sa\u011f qala bilib. Onun oldu\u011fu \u015f\u0259h\u0259rd\u0259 3 d\u0259f\u0259 humanitar d\u0259hliz elan edilib, dinc sakinl\u0259r\u0259 is\u0259 3 d\u0259f\u0259 at\u0259\u015f a&ccedil;\u0131l\u0131b&quot;, &#8211; V.Kanevski \u0259lav\u0259 edib.\/\/\/unikal<\/p>\n","protected":false},"excerpt":{"rendered":"<p>Ukraynan\u0131n b\u0259zi \u015f\u0259h\u0259rl\u0259rind\u0259 humanitar v\u0259ziyy\u0259t &ccedil;ox a\u011f\u0131rd\u0131r. Bunu jurnalistl\u0259r\u0259 a&ccedil;\u0131qlamas\u0131nda Ukraynan\u0131n Az\u0259rbaycandak\u0131 s\u0259firi Vladislav Kanevski deyib &quot;Haz\u0131rda \u0259n a\u011f\u0131r humanitar f\u0259lak\u0259tin m&uuml;\u015fahid\u0259 olundu\u011fu yerl\u0259r Mariupol, \u0130zyum, Volnovaxa \u015f\u0259h\u0259rl\u0259ridir. Bu \u015f\u0259h\u0259rl\u0259rd\u0259&hellip;<\/p>\n","protected":false},"author":1,"featured_media":251278,"comment_status":"open","ping_status":"open","sticky":false,"template":"","format":"standard","meta":{"_lmt_disableupdate":"","_lmt_disable":"","footnotes":""},"categories":[89],"tags":[],"class_list":["post-143847","post","type-post","status-publish","format-standard","has-post-thumbnail","hentry","category-dunya-butun-xeberler"],"_links":{"self":[{"href":"https:\/\/ucnoqta.az\/index.php?rest_route=\/wp\/v2\/posts\/143847","targetHints":{"allow":["GET"]}}],"collection":[{"href":"https:\/\/ucnoqta.az\/index.php?rest_route=\/wp\/v2\/posts"}],"about":[{"href":"https:\/\/ucnoqta.az\/index.php?rest_route=\/wp\/v2\/types\/post"}],"author":[{"embeddable":true,"href":"https:\/\/ucnoqta.az\/index.php?rest_route=\/wp\/v2\/users\/1"}],"replies":[{"embeddable":true,"href":"https:\/\/ucnoqta.az\/index.php?rest_route=%2Fwp%2Fv2%2Fcomments&post=143847"}],"version-history":[{"count":0,"href":"https:\/\/ucnoqta.az\/index.php?rest_route=\/wp\/v2\/posts\/143847\/revisions"}],"wp:featuredmedia":[{"embeddable":true,"href":"https:\/\/ucnoqta.az\/index.php?rest_route=\/wp\/v2\/media\/251278"}],"wp:attachment":[{"href":"https:\/\/ucnoqta.az\/index.php?rest_route=%2Fwp%2Fv2%2Fmedia&parent=143847"}],"wp:term":[{"taxonomy":"category","embeddable":true,"href":"https:\/\/ucnoqta.az\/index.php?rest_route=%2Fwp%2Fv2%2Fcategories&post=143847"},{"taxonomy":"post_tag","embeddable":true,"href":"https:\/\/ucnoqta.az\/index.php?rest_route=%2Fwp%2Fv2%2Ftags&post=143847"}],"curies":[{"name":"wp","href":"https:\/\/api.w.org\/{rel}","templated":true}]}}