{"id":143826,"date":"2022-03-11T21:24:57","date_gmt":"2022-03-11T17:24:57","guid":{"rendered":""},"modified":"-0001-11-30T00:00:00","modified_gmt":"-0001-11-29T20:00:00","slug":"","status":"publish","type":"post","link":"https:\/\/ucnoqta.az\/?p=143826","title":{"rendered":"Ceyhun Bayramov Avropa \u0130ttifaq\u0131n\u0131n Komissar\u0131 il\u0259 g\u00f6r\u00fc\u015f\u00fcb"},"content":{"rendered":"<p><strong>Az\u0259rbaycan Respublikas\u0131n\u0131n xarici i\u015fl\u0259r naziri Ceyhun Bayramov Antalya Diplomatiya Forumunda i\u015ftirak\u0131 &ccedil;\u0259r&ccedil;iv\u0259sind\u0259 Avropa \u0130ttifaq\u0131n\u0131n Qon\u015fuluq Siyas\u0259ti v\u0259 Geni\u015fl\u0259nm\u0259 &uuml;zr\u0259 Komissar\u0131 Oliver Varhelyi il\u0259 g&ouml;r&uuml;\u015f&uuml;b.<\/strong><\/p>\n<p>Bu bar\u0259d\u0259 Az\u0259rbaycan Xarici \u0130\u015fl\u0259r Nazirliyi m\u0259lumat yay\u0131b.<\/p>\n<p>G&ouml;r&uuml;\u015fd\u0259 nazir Ceyhun Bayramov, b&ouml;lg\u0259d\u0259 h\u0259yata ke&ccedil;iril\u0259n b\u0259rpa v\u0259 yenid\u0259n qurma i\u015fl\u0259ri v\u0259 bu x&uuml;susda, A\u0130-nin m&uuml;mk&uuml;n rolundan dan\u0131\u015f\u0131b.<\/p>\n<p>Avropa \u0130ttifaq\u0131n\u0131n Komissar\u0131 Oliver Varhelyi, Avropan\u0131n enerji t\u0259hl&uuml;k\u0259sizliyinin t\u0259min olunmas\u0131nda Az\u0259rbaycan\u0131n rolu v\u0259 bu x&uuml;susda, enerji sah\u0259sind\u0259 \u0259m\u0259kda\u015fl\u0131\u011f\u0131n vacibliyini qeyd edib.<\/p>\n<p>G&ouml;r&uuml;\u015fd\u0259, h\u0259m&ccedil;inin Ukraynada ba\u015f ver\u0259n hadis\u0259l\u0259r, &ouml;lk\u0259d\u0259 b&ouml;hran\u0131n aradan qald\u0131r\u0131lmas\u0131 yollar\u0131 il\u0259 ba\u011fl\u0131 fikir m&uuml;badil\u0259si apar\u0131l\u0131b.<\/p>\n<p>Eyni zamanda, t\u0259r\u0259fl\u0259r Avropa \u0130ttifaq\u0131 il\u0259 \u0259m\u0259kda\u015fl\u0131q v\u0259 g&uuml;nd\u0259likd\u0259 duran vacib m\u0259s\u0259l\u0259l\u0259rini qeyd etm\u0259kl\u0259 Az\u0259rbaycan v\u0259 Avropa \u0130ttifaq\u0131 aras\u0131nda m&uuml;nasib\u0259tl\u0259rin h&uuml;quqi \u0259sas\u0131n\u0131 t\u0259\u015fkil ed\u0259c\u0259k yeni sazi\u015f &uuml;zr\u0259 dan\u0131\u015f\u0131qlar\u0131n tezlikl\u0259 yekunla\u015fd\u0131r\u0131lmas\u0131na dair niyy\u0259tl\u0259rini ifad\u0259 edibl\u0259r.<\/p>\n<p>G&ouml;r&uuml;\u015fd\u0259, h\u0259m&ccedil;inin qar\u015f\u0131l\u0131ql\u0131 maraq do\u011furan dig\u0259r m\u0259s\u0259l\u0259l\u0259r \u0259traf\u0131nda fikir m&uuml;badil\u0259si apar\u0131l\u0131b.<\/p>\n","protected":false},"excerpt":{"rendered":"<p>Az\u0259rbaycan Respublikas\u0131n\u0131n xarici i\u015fl\u0259r naziri Ceyhun Bayramov Antalya Diplomatiya Forumunda i\u015ftirak\u0131 &ccedil;\u0259r&ccedil;iv\u0259sind\u0259 Avropa \u0130ttifaq\u0131n\u0131n Qon\u015fuluq Siyas\u0259ti v\u0259 Geni\u015fl\u0259nm\u0259 &uuml;zr\u0259 Komissar\u0131 Oliver Varhelyi il\u0259 g&ouml;r&uuml;\u015f&uuml;b. Bu bar\u0259d\u0259 Az\u0259rbaycan Xarici \u0130\u015fl\u0259r Nazirliyi&hellip;<\/p>\n","protected":false},"author":1,"featured_media":251278,"comment_status":"open","ping_status":"open","sticky":false,"template":"","format":"standard","meta":{"_lmt_disableupdate":"","_lmt_disable":"","footnotes":""},"categories":[86],"tags":[],"class_list":["post-143826","post","type-post","status-publish","format-standard","has-post-thumbnail","hentry","category-siyaset"],"_links":{"self":[{"href":"https:\/\/ucnoqta.az\/index.php?rest_route=\/wp\/v2\/posts\/143826","targetHints":{"allow":["GET"]}}],"collection":[{"href":"https:\/\/ucnoqta.az\/index.php?rest_route=\/wp\/v2\/posts"}],"about":[{"href":"https:\/\/ucnoqta.az\/index.php?rest_route=\/wp\/v2\/types\/post"}],"author":[{"embeddable":true,"href":"https:\/\/ucnoqta.az\/index.php?rest_route=\/wp\/v2\/users\/1"}],"replies":[{"embeddable":true,"href":"https:\/\/ucnoqta.az\/index.php?rest_route=%2Fwp%2Fv2%2Fcomments&post=143826"}],"version-history":[{"count":0,"href":"https:\/\/ucnoqta.az\/index.php?rest_route=\/wp\/v2\/posts\/143826\/revisions"}],"wp:featuredmedia":[{"embeddable":true,"href":"https:\/\/ucnoqta.az\/index.php?rest_route=\/wp\/v2\/media\/251278"}],"wp:attachment":[{"href":"https:\/\/ucnoqta.az\/index.php?rest_route=%2Fwp%2Fv2%2Fmedia&parent=143826"}],"wp:term":[{"taxonomy":"category","embeddable":true,"href":"https:\/\/ucnoqta.az\/index.php?rest_route=%2Fwp%2Fv2%2Fcategories&post=143826"},{"taxonomy":"post_tag","embeddable":true,"href":"https:\/\/ucnoqta.az\/index.php?rest_route=%2Fwp%2Fv2%2Ftags&post=143826"}],"curies":[{"name":"wp","href":"https:\/\/api.w.org\/{rel}","templated":true}]}}