{"id":143820,"date":"2022-03-11T20:17:38","date_gmt":"2022-03-11T16:17:38","guid":{"rendered":""},"modified":"-0001-11-30T00:00:00","modified_gmt":"-0001-11-29T20:00:00","slug":"","status":"publish","type":"post","link":"https:\/\/ucnoqta.az\/?p=143820","title":{"rendered":"Az\u0259rbaycan v\u0259 \u0130ran aras\u0131nda m\u00fch\u00fcm s\u0259n\u0259d imzaland\u0131"},"content":{"rendered":"<p><strong>Bu g&uuml;n Bak\u0131da ke&ccedil;iril\u0259n Az\u0259rbaycanla \u0130ran aras\u0131nda \u0130qtisadi, Ticar\u0259t v\u0259 Humanitar sah\u0259l\u0259rd\u0259 \u0259m\u0259kda\u015fl\u0131q &uuml;zr\u0259 D&ouml;vl\u0259t Komissiyas\u0131n\u0131n 15-ci iclas\u0131n\u0131n yekununda iki &ouml;lk\u0259 aras\u0131nda yeni s\u0259n\u0259dl\u0259r imzalan\u0131b.<\/strong><\/p>\n<p>Bu s\u0259n\u0259dl\u0259r m&uuml;xt\u0259lif sah\u0259l\u0259rd\u0259 \u0259m\u0259kda\u015fl\u0131\u011f\u0131 \u0259hat\u0259 edir.<\/p>\n<p>Onlardan biri \u0130ran \u0259razisind\u0259n ke&ccedil;m\u0259kl\u0259 \u015e\u0259rqi Z\u0259ng\u0259zur iqtisadi rayonu il\u0259 Nax&ccedil;\u0131van MR aras\u0131nda yeni kommunikasiya ba\u011flant\u0131s\u0131n\u0131n yarad\u0131lmas\u0131 haqq\u0131nda Anla\u015fma Memorandumudur. S\u0259n\u0259din m\u0259qs\u0259di muxtar respublika il\u0259 yeni d\u0259mir v\u0259 avtomobil yolu \u0259laq\u0259l\u0259rinin, el\u0259c\u0259 d\u0259 rabit\u0259 v\u0259 enerji t\u0259minat\u0131 x\u0259tl\u0259rinin yarad\u0131lmas\u0131d\u0131r. Bu m\u0259qs\u0259d\u0259 nail olmaq &uuml;&ccedil;&uuml;n Araz &ccedil;ay\u0131 &uuml;z\u0259rind\u0259 iki avtomobil (piyada ke&ccedil;idi il\u0259) v\u0259 iki d\u0259mir yolu olmaqla &uuml;mumilikd\u0259 d&ouml;rd k&ouml;rp&uuml;n&uuml;n, el\u0259c\u0259 d\u0259 rabit\u0259 v\u0259 enerji t\u0259minat\u0131 infrastrukturunun tikintisi n\u0259z\u0259rd\u0259 tutulur.<\/p>\n<p>Bundan ba\u015fqa, t\u0259r\u0259fl\u0259r iclas\u0131n yekun protokoluna imza at\u0131blar.<\/p>\n<p>&nbsp;<\/p>\n","protected":false},"excerpt":{"rendered":"<p>Bu g&uuml;n Bak\u0131da ke&ccedil;iril\u0259n Az\u0259rbaycanla \u0130ran aras\u0131nda \u0130qtisadi, Ticar\u0259t v\u0259 Humanitar sah\u0259l\u0259rd\u0259 \u0259m\u0259kda\u015fl\u0131q &uuml;zr\u0259 D&ouml;vl\u0259t Komissiyas\u0131n\u0131n 15-ci iclas\u0131n\u0131n yekununda iki &ouml;lk\u0259 aras\u0131nda yeni s\u0259n\u0259dl\u0259r imzalan\u0131b. Bu s\u0259n\u0259dl\u0259r m&uuml;xt\u0259lif sah\u0259l\u0259rd\u0259 \u0259m\u0259kda\u015fl\u0131\u011f\u0131&hellip;<\/p>\n","protected":false},"author":1,"featured_media":251278,"comment_status":"open","ping_status":"open","sticky":false,"template":"","format":"standard","meta":{"_lmt_disableupdate":"","_lmt_disable":"","footnotes":""},"categories":[],"tags":[],"class_list":["post-143820","post","type-post","status-publish","format-standard","has-post-thumbnail","hentry"],"_links":{"self":[{"href":"https:\/\/ucnoqta.az\/index.php?rest_route=\/wp\/v2\/posts\/143820","targetHints":{"allow":["GET"]}}],"collection":[{"href":"https:\/\/ucnoqta.az\/index.php?rest_route=\/wp\/v2\/posts"}],"about":[{"href":"https:\/\/ucnoqta.az\/index.php?rest_route=\/wp\/v2\/types\/post"}],"author":[{"embeddable":true,"href":"https:\/\/ucnoqta.az\/index.php?rest_route=\/wp\/v2\/users\/1"}],"replies":[{"embeddable":true,"href":"https:\/\/ucnoqta.az\/index.php?rest_route=%2Fwp%2Fv2%2Fcomments&post=143820"}],"version-history":[{"count":0,"href":"https:\/\/ucnoqta.az\/index.php?rest_route=\/wp\/v2\/posts\/143820\/revisions"}],"wp:featuredmedia":[{"embeddable":true,"href":"https:\/\/ucnoqta.az\/index.php?rest_route=\/wp\/v2\/media\/251278"}],"wp:attachment":[{"href":"https:\/\/ucnoqta.az\/index.php?rest_route=%2Fwp%2Fv2%2Fmedia&parent=143820"}],"wp:term":[{"taxonomy":"category","embeddable":true,"href":"https:\/\/ucnoqta.az\/index.php?rest_route=%2Fwp%2Fv2%2Fcategories&post=143820"},{"taxonomy":"post_tag","embeddable":true,"href":"https:\/\/ucnoqta.az\/index.php?rest_route=%2Fwp%2Fv2%2Ftags&post=143820"}],"curies":[{"name":"wp","href":"https:\/\/api.w.org\/{rel}","templated":true}]}}