{"id":143819,"date":"2022-03-11T20:05:08","date_gmt":"2022-03-11T16:05:08","guid":{"rendered":""},"modified":"-0001-11-30T00:00:00","modified_gmt":"-0001-11-29T20:00:00","slug":"","status":"publish","type":"post","link":"https:\/\/ucnoqta.az\/?p=143819","title":{"rendered":"\u0130lham \u018fliyev nekroloq imzalad\u0131"},"content":{"rendered":"<p><strong>Prezident \u0130lham \u018fliyev R&uuml;st\u0259m \u0130brahimb\u0259yovun v\u0259fat\u0131 il\u0259 ba\u011fl\u0131 nekroloq imzalay\u0131b.<\/strong><\/p>\n<p>Ucnoqta.az&nbsp;x\u0259b\u0259r verir ki, m\u0259tnd\u0259 deyilir:<\/p>\n<p>&quot;Az\u0259rbaycan m\u0259d\u0259niyy\u0259tin\u0259 a\u011f\u0131r itki &uuml;z vermi\u015fdir. M&uuml;asir Az\u0259rbaycan \u0259d\u0259biyyat\u0131n\u0131n v\u0259 kino s\u0259n\u0259tinin g&ouml;rk\u0259mli n&uuml;may\u0259nd\u0259si, tan\u0131nm\u0131\u015f nasir, dramaturq, ssenarist v\u0259 rejissor, Az\u0259rbaycan Respublikas\u0131 Prezidentinin f\u0259rdi t\u0259qa&uuml;d&ccedil;&uuml;s&uuml;, D&ouml;vl\u0259t m&uuml;kafatlar\u0131 laureat\u0131, \u018fm\u0259kdar inc\u0259s\u0259n\u0259t xadimi, Xalq yaz\u0131&ccedil;\u0131s\u0131 R&uuml;st\u0259m M\u0259mm\u0259dibrahim o\u011flu \u0130brahimb\u0259yov 2022-ci il mart\u0131n 10-da &ouml;mr&uuml;n&uuml;n 84-c&uuml; ilind\u0259 v\u0259fat etmi\u015fdir.<\/p>\n<p>R&uuml;st\u0259m \u0130brahimb\u0259yov 1939-cu il fevral\u0131n 5-d\u0259 Bak\u0131 \u015f\u0259h\u0259rind\u0259 anadan olmu\u015fdur. Orta m\u0259kt\u0259bi bitirdikd\u0259n sonra o, 1956&ndash;1962-ci ill\u0259rd\u0259 Az\u0259rbaycan Neft v\u0259 Kimya \u0130nstitutunda ali t\u0259hsil alm\u0131\u015f, \u0259m\u0259k f\u0259aliyy\u0259tin\u0259 1962-ci ild\u0259 Az\u0259rbaycan SSR Elml\u0259r Akademiyas\u0131nda ba\u015flam\u0131\u015fd\u0131r.<\/p>\n<p>G\u0259nc ya\u015flar\u0131ndan \u0259d\u0259biyyat v\u0259 kino s\u0259n\u0259ti il\u0259 yax\u0131ndan maraqlanan R&uuml;st\u0259m \u0130brahimb\u0259yov Moskvada 1967-ci ild\u0259 ali ssenarist kursunu, 1974-c&uuml; ild\u0259 ali rejissorluq kursunu bitirmi\u015fdir.<\/p>\n<p>R&uuml;st\u0259m \u0130brahimb\u0259yov m&uuml;asir Az\u0259rbaycan \u0259d\u0259biyyat\u0131n\u0131n v\u0259 kinematoqrafiyas\u0131n\u0131n g&ouml;rk\u0259mli simalar\u0131ndand\u0131r. O, &ccedil;oxc\u0259h\u0259tli f\u0259aliyy\u0259ti il\u0259 &ouml;lk\u0259mizin h&uuml;dudlar\u0131ndan k\u0259narda da tan\u0131nm\u0131\u015fd\u0131r. N\u0259srimizin yeni m\u0259rh\u0259l\u0259y\u0259 q\u0259d\u0259m qoymas\u0131n\u0131n f\u0259al i\u015ftirak&ccedil;\u0131s\u0131 olan R&uuml;st\u0259m \u0130brahimb\u0259yov &ouml;z s\u0259m\u0259r\u0259li yarad\u0131c\u0131l\u0131\u011f\u0131 il\u0259 b\u0259dii-estetik fikrin z\u0259nginl\u0259\u015fm\u0259sind\u0259 m&uuml;h&uuml;m rol oynam\u0131\u015f, yar\u0131m \u0259srd\u0259n art\u0131q m&uuml;dd\u0259t \u0259rzind\u0259 \u0259d\u0259bi-m\u0259d\u0259ni m&uuml;hitin inki\u015faf\u0131na t&ouml;hf\u0259l\u0259r vermi\u015fdir. S\u0259n\u0259tkar\u0131n sosial-m\u0259n\u0259vi probleml\u0259ri, dramatik konfliktl\u0259ri v\u0259 m&uuml;asirl\u0259rimizin daxili al\u0259mini h\u0259yat h\u0259qiq\u0259tl\u0259ri \u0259sas\u0131nda ustal\u0131qla \u0259ks etdir\u0259n povestl\u0259ri v\u0259 hekay\u0259l\u0259ri, pyesl\u0259ri v\u0259 ssenaril\u0259ri \u0259d\u0259biyyat\u0131m\u0131z\u0131n v\u0259 milli kino s\u0259n\u0259tinin m\u0259zmunca yenil\u0259\u015fm\u0259sind\u0259 \u0259h\u0259miyy\u0259tli rol oynam\u0131\u015fd\u0131r. Onun \u0259s\u0259rl\u0259ri \u0259sas\u0131nda 40-dan &ccedil;ox b\u0259dii v\u0259 televiziya filml\u0259ri &ccedil;\u0259kilmi\u015fdir. M&uuml;h&uuml;m sosial h\u0259qiq\u0259tl\u0259rd\u0259n s&ouml;z a&ccedil;an, r\u0259ngar\u0259ng v\u0259 dol\u011fun obrazlarla z\u0259ngin bu \u0259s\u0259rl\u0259r &ouml;z&uuml;n\u0259m\u0259xsus d\u0259st-x\u0259tti il\u0259 se&ccedil;il\u0259n s\u0259n\u0259tkara b&ouml;y&uuml;k oxucu v\u0259 tama\u015fa&ccedil;\u0131 auditoriyas\u0131n\u0131n r\u0259\u011fb\u0259tini qazand\u0131rm\u0131\u015fd\u0131r.<\/p>\n<p>R&uuml;st\u0259m \u0130brahimb\u0259yovun ssenarist v\u0259 rejissor olaraq kinematoqrafiyan\u0131n inki\u015faf\u0131nda da t\u0259qdir\u0259layiq xidm\u0259tl\u0259ri vard\u0131r. Yaz\u0131&ccedil;\u0131n\u0131n ssenaril\u0259ri \u0259sas\u0131nda &ccedil;\u0259kil\u0259n &ldquo;Bir c\u0259nub \u015f\u0259h\u0259rind\u0259&rdquo;, &ldquo;S\u0259hran\u0131n b\u0259yaz g&uuml;n\u0259\u015fi&rdquo;, &ldquo;\u0130stintaq&rdquo;, &ldquo;Ad g&uuml;n&uuml;&rdquo; v\u0259 bir &ccedil;ox dig\u0259r filml\u0259r geni\u015f \u015f&ouml;hr\u0259t tapm\u0131\u015f, y&uuml;ks\u0259k m&uuml;kafatlarla t\u0259ltif edilmi\u015fdir. Onun h\u0259mm&uuml;\u0259llif ssenaristi oldu\u011fu &ldquo;Urqa&rdquo; filmi 1991-ci ild\u0259 Venesiya Beyn\u0259lxalq Kinofestival\u0131n\u0131n ali m&uuml;kafat\u0131na, &ldquo;G&uuml;n\u0259\u015fd\u0259n usanm\u0131\u015flar&rdquo; filmi is\u0259 1994-c&uuml; ild\u0259 Kann Beyn\u0259lxalq Kinofestival\u0131n\u0131n ali m&uuml;kafat\u0131na v\u0259 1995-ci ild\u0259 Amerika Kino Akademiyas\u0131n\u0131n &ldquo;Oskar&rdquo; m&uuml;kafat\u0131na layiq g&ouml;r&uuml;lm&uuml;\u015fd&uuml;r.<\/p>\n<p>R&uuml;st\u0259m \u0130brahimb\u0259yov b\u0259dii yarad\u0131c\u0131l\u0131qla yana\u015f\u0131, eyni zamanda ictimai f\u0259aliyy\u0259t g&ouml;st\u0259rmi\u015fdir. O, 1967&ndash;1981-ci ill\u0259rd\u0259 Az\u0259rbaycan Kinematoqraf&ccedil;\u0131lar \u0130ttifaq\u0131 \u0130dar\u0259 Hey\u0259tinin katibi, 1981&ndash;1985-ci ill\u0259rd\u0259 birinci katibi, 1986&ndash;1991-ci ill\u0259rd\u0259 SSR\u0130 Kinematoqraf&ccedil;\u0131lar \u0130ttifaq\u0131 \u0130dar\u0259 Hey\u0259tinin katibi, 1990-c\u0131 ild\u0259n &ouml;mr&uuml;n&uuml;n sonunad\u0259k Az\u0259rbaycan Kinematoqraf&ccedil;\u0131lar \u0130ttifaq\u0131n\u0131n s\u0259dri olmu\u015f, 1989-cu ild\u0259 SSR\u0130 Ali Sovetinin deputat\u0131 se&ccedil;ilmi\u015fdir.<\/p>\n<p>R&uuml;st\u0259m \u0130brahimb\u0259yovun xidm\u0259tl\u0259ri d&ouml;vl\u0259t t\u0259r\u0259find\u0259n y&uuml;ks\u0259k qiym\u0259tl\u0259ndirilmi\u015fdir. O, 1976-c\u0131 ild\u0259 &ldquo;\u018fm\u0259kdar inc\u0259s\u0259n\u0259t xadimi&rdquo;, 1998-ci ild\u0259 &ldquo;Xalq yaz\u0131&ccedil;\u0131s\u0131&rdquo; f\u0259xri adlar\u0131n\u0131 alm\u0131\u015f, Az\u0259rbaycan \u0259d\u0259biyyat\u0131n\u0131n v\u0259 kino s\u0259n\u0259tinin inki\u015faf\u0131ndak\u0131 xidm\u0259tl\u0259rin\u0259 g&ouml;r\u0259 Az\u0259rbaycan Respublikas\u0131n\u0131n ali d&ouml;vl\u0259t t\u0259ltifi olan &ldquo;\u015e&ouml;hr\u0259t&rdquo; ordenin\u0259 layiq g&ouml;r&uuml;lm&uuml;\u015fd&uuml;r.<\/p>\n<p>G&ouml;rk\u0259mli yaz\u0131&ccedil;\u0131 v\u0259 kino xadimi R&uuml;st\u0259m \u0130brahimb\u0259yovun xatir\u0259si onu tan\u0131yanlar\u0131n q\u0259lbind\u0259 h\u0259mi\u015f\u0259 ya\u015fayacaqd\u0131r.<\/p>\n<p>Allah r\u0259hm\u0259t el\u0259sin!<\/p>\n<p>\u0130lham \u018fliyev<\/p>\n<p>Mehriban \u018fliyeva<\/p>\n<p>\u018fli \u018fs\u0259dov<\/p>\n<p>Sahib\u0259 Qafarova<\/p>\n<p>Samir Nuriyev<\/p>\n<p>Eldar \u018fzizov<\/p>\n<p>F\u0259r\u0259h \u018fliyeva<\/p>\n<p>Anar K\u0259rimov<\/p>\n<p>Anar Rzayev<\/p>\n<p>\u015e\u0259fiq\u0259 M\u0259mm\u0259dova<\/p>\n<p>Oqtay Mirqas\u0131mov<\/p>\n<p>Ramiz F\u0259t\u0259liyev<\/p>\n<p>Rasim Balayev<\/p>\n<p>Hac\u0131 \u0130smay\u0131lov&quot;.<\/p>\n","protected":false},"excerpt":{"rendered":"<p>Prezident \u0130lham \u018fliyev R&uuml;st\u0259m \u0130brahimb\u0259yovun v\u0259fat\u0131 il\u0259 ba\u011fl\u0131 nekroloq imzalay\u0131b. Ucnoqta.az&nbsp;x\u0259b\u0259r verir ki, m\u0259tnd\u0259 deyilir: &quot;Az\u0259rbaycan m\u0259d\u0259niyy\u0259tin\u0259 a\u011f\u0131r itki &uuml;z vermi\u015fdir. M&uuml;asir Az\u0259rbaycan \u0259d\u0259biyyat\u0131n\u0131n v\u0259 kino s\u0259n\u0259tinin g&ouml;rk\u0259mli n&uuml;may\u0259nd\u0259si, tan\u0131nm\u0131\u015f&hellip;<\/p>\n","protected":false},"author":1,"featured_media":251278,"comment_status":"open","ping_status":"open","sticky":false,"template":"","format":"standard","meta":{"_lmt_disableupdate":"","_lmt_disable":"","footnotes":""},"categories":[],"tags":[],"class_list":["post-143819","post","type-post","status-publish","format-standard","has-post-thumbnail","hentry"],"_links":{"self":[{"href":"https:\/\/ucnoqta.az\/index.php?rest_route=\/wp\/v2\/posts\/143819","targetHints":{"allow":["GET"]}}],"collection":[{"href":"https:\/\/ucnoqta.az\/index.php?rest_route=\/wp\/v2\/posts"}],"about":[{"href":"https:\/\/ucnoqta.az\/index.php?rest_route=\/wp\/v2\/types\/post"}],"author":[{"embeddable":true,"href":"https:\/\/ucnoqta.az\/index.php?rest_route=\/wp\/v2\/users\/1"}],"replies":[{"embeddable":true,"href":"https:\/\/ucnoqta.az\/index.php?rest_route=%2Fwp%2Fv2%2Fcomments&post=143819"}],"version-history":[{"count":0,"href":"https:\/\/ucnoqta.az\/index.php?rest_route=\/wp\/v2\/posts\/143819\/revisions"}],"wp:featuredmedia":[{"embeddable":true,"href":"https:\/\/ucnoqta.az\/index.php?rest_route=\/wp\/v2\/media\/251278"}],"wp:attachment":[{"href":"https:\/\/ucnoqta.az\/index.php?rest_route=%2Fwp%2Fv2%2Fmedia&parent=143819"}],"wp:term":[{"taxonomy":"category","embeddable":true,"href":"https:\/\/ucnoqta.az\/index.php?rest_route=%2Fwp%2Fv2%2Fcategories&post=143819"},{"taxonomy":"post_tag","embeddable":true,"href":"https:\/\/ucnoqta.az\/index.php?rest_route=%2Fwp%2Fv2%2Ftags&post=143819"}],"curies":[{"name":"wp","href":"https:\/\/api.w.org\/{rel}","templated":true}]}}