{"id":143817,"date":"2022-03-11T19:50:59","date_gmt":"2022-03-11T15:50:59","guid":{"rendered":""},"modified":"-0001-11-30T00:00:00","modified_gmt":"-0001-11-29T20:00:00","slug":"","status":"publish","type":"post","link":"https:\/\/ucnoqta.az\/?p=143817","title":{"rendered":"\u201cAz\u0259rbaycan v\u0259t\u0259nda\u015flar\u0131n\u0131n Ukraynadan t\u0259xliy\u0259si davam edir\u201d &#8211; <font color=red><b>X\u0259l\u0259f X\u0259l\u0259fov<\/b><\/font>"},"content":{"rendered":"<p><strong>&ldquo;Az\u0259rbaycan v\u0259t\u0259nda\u015flar\u0131n\u0131n Ukraynadan t\u0259xliy\u0259si davam edir&rdquo;.<\/strong><\/p>\n<p>&ldquo;Report&rdquo;un x\u0259b\u0259rin\u0259 g&ouml;r\u0259, bunu Az\u0259rbaycan xarici i\u015fl\u0259r nazirinin m&uuml;avini X\u0259l\u0259f X\u0259l\u0259fov deyib.<\/p>\n<p>&ldquo;Bu, b&ouml;y&uuml;k prosesdir. Humanitar f\u0259lak\u0259t ya\u015fan\u0131r. T\u0259kc\u0259 az\u0259rbaycanl\u0131lar deyil, orada ya\u015fayan dig\u0259r mill\u0259tl\u0259r d\u0259 t\u0259xliy\u0259 edilir. Onlar, \u0259sas\u0259n Avropaya &uuml;z tuturlar&rdquo;, &#8211; nazir m&uuml;avini bildirib.<\/p>\n<p>X.X\u0259l\u0259fovun s&ouml;zl\u0259rin\u0259 g&ouml;r\u0259, b&uuml;t&uuml;n m&ouml;vcud imkanlardan istifad\u0259 ed\u0259r\u0259k az\u0259rbaycanl\u0131lar\u0131n V\u0259t\u0259n\u0259 g\u0259tirilm\u0259si t\u0259min olunur:<\/p>\n<p>&ldquo;Xarici \u0130\u015fl\u0259r Nazirliyinin \u0259laq\u0259dar qurumlar\u0131 s\u0259firlikl\u0259rl\u0259 birg\u0259 i\u015f apar\u0131r. \u0130mkan daxilind\u0259 bu insanlar Az\u0259rbaycana g\u0259tirilir v\u0259 yerl\u0259\u015fdirilir&rdquo;.<\/p>\n<p>&nbsp;<\/p>\n","protected":false},"excerpt":{"rendered":"<p>&ldquo;Az\u0259rbaycan v\u0259t\u0259nda\u015flar\u0131n\u0131n Ukraynadan t\u0259xliy\u0259si davam edir&rdquo;. &ldquo;Report&rdquo;un x\u0259b\u0259rin\u0259 g&ouml;r\u0259, bunu Az\u0259rbaycan xarici i\u015fl\u0259r nazirinin m&uuml;avini X\u0259l\u0259f X\u0259l\u0259fov deyib. &ldquo;Bu, b&ouml;y&uuml;k prosesdir. Humanitar f\u0259lak\u0259t ya\u015fan\u0131r. T\u0259kc\u0259 az\u0259rbaycanl\u0131lar deyil, orada ya\u015fayan dig\u0259r&hellip;<\/p>\n","protected":false},"author":1,"featured_media":251278,"comment_status":"open","ping_status":"open","sticky":false,"template":"","format":"standard","meta":{"_lmt_disableupdate":"","_lmt_disable":"","footnotes":""},"categories":[],"tags":[],"class_list":["post-143817","post","type-post","status-publish","format-standard","has-post-thumbnail","hentry"],"_links":{"self":[{"href":"https:\/\/ucnoqta.az\/index.php?rest_route=\/wp\/v2\/posts\/143817","targetHints":{"allow":["GET"]}}],"collection":[{"href":"https:\/\/ucnoqta.az\/index.php?rest_route=\/wp\/v2\/posts"}],"about":[{"href":"https:\/\/ucnoqta.az\/index.php?rest_route=\/wp\/v2\/types\/post"}],"author":[{"embeddable":true,"href":"https:\/\/ucnoqta.az\/index.php?rest_route=\/wp\/v2\/users\/1"}],"replies":[{"embeddable":true,"href":"https:\/\/ucnoqta.az\/index.php?rest_route=%2Fwp%2Fv2%2Fcomments&post=143817"}],"version-history":[{"count":0,"href":"https:\/\/ucnoqta.az\/index.php?rest_route=\/wp\/v2\/posts\/143817\/revisions"}],"wp:featuredmedia":[{"embeddable":true,"href":"https:\/\/ucnoqta.az\/index.php?rest_route=\/wp\/v2\/media\/251278"}],"wp:attachment":[{"href":"https:\/\/ucnoqta.az\/index.php?rest_route=%2Fwp%2Fv2%2Fmedia&parent=143817"}],"wp:term":[{"taxonomy":"category","embeddable":true,"href":"https:\/\/ucnoqta.az\/index.php?rest_route=%2Fwp%2Fv2%2Fcategories&post=143817"},{"taxonomy":"post_tag","embeddable":true,"href":"https:\/\/ucnoqta.az\/index.php?rest_route=%2Fwp%2Fv2%2Ftags&post=143817"}],"curies":[{"name":"wp","href":"https:\/\/api.w.org\/{rel}","templated":true}]}}