{"id":143808,"date":"2022-03-11T17:58:11","date_gmt":"2022-03-11T13:58:11","guid":{"rendered":""},"modified":"-0001-11-30T00:00:00","modified_gmt":"-0001-11-29T20:00:00","slug":"","status":"publish","type":"post","link":"https:\/\/ucnoqta.az\/?p=143808","title":{"rendered":"Bil\u0259suvarda \u201c44 g\u00fcnl\u00fck Z\u0259f\u0259r\u201d G\u0259ncl\u0259rin Yarad\u0131c\u0131l\u0131q Festival\u0131na start verilib &#8211; <font color=red><b>Foto<\/b><\/font>"},"content":{"rendered":"<p><strong>10 mart 2022-ci il tarixd\u0259 Bil\u0259suvar rayonunda Az\u0259rbaycan Respublikas\u0131n\u0131n Qeyri-H&ouml;k&uuml;m\u0259t T\u0259\u015fkilatlar\u0131na D&ouml;vl\u0259t D\u0259st\u0259yi Agentliyinin maliyy\u0259 d\u0259st\u0259yi il\u0259 Bil\u0259suvar Yeniyetm\u0259 v\u0259 G\u0259ncl\u0259ri \u0130ctimai Birliyi t\u0259r\u0259find\u0259n &ldquo;44 g&uuml;nl&uuml;k Z\u0259f\u0259r&rdquo; G\u0259ncl\u0259rin Yarad\u0131c\u0131l\u0131q Festival\u0131n\u0131n a&ccedil;\u0131l\u0131\u015f m\u0259rasimi v\u0259 ilk t\u0259dbiri ke&ccedil;irilib.<\/strong><\/p>\n<p>Ucnoqta.az x\u0259b\u0259r verir ki, t\u0259dbird\u0259 Qeyri-H&ouml;k&uuml;m\u0259t T\u0259\u015fkilatlar\u0131na D&ouml;vl\u0259t D\u0259st\u0259yi Agentliyinin m\u0259sul \u0259m\u0259kda\u015f\u0131 Xatir\u0259 B\u0259\u015firova, Rayon G\u0259ncl\u0259r v\u0259 \u0130dman \u0130dar\u0259sinin r\u0259isi Azad Quliyev, G\u0130KM-in Bil\u0259suvar n&uuml;may\u0259nd\u0259liyinin direktoru T\u0259hmin\u0259 \u018fliyeva, T\u0259hsil \u015e&ouml;b\u0259sinin \u0259m\u0259kda\u015f\u0131 N\u0259rmin Xaqan, V\u0259t\u0259n m&uuml;harib\u0259sinin qazil\u0259ri Xan\u0131\u015fl\u0131 S\u0259ttarxan, G&ouml;z\u0259lb\u0259yli \u0130man, layih\u0259 r\u0259hb\u0259ri Elnur H&uuml;seynli, Hlayih\u0259nin ekperti \u018fliheyd\u0259r \u018flifli, layih\u0259nin t\u0259lim&ccedil;isi Arif A\u011fazad\u0259 v\u0259 m&uuml;sabiq\u0259 i\u015ftirak&ccedil;\u0131lar\u0131 i\u015ftirak etmi\u015fdir.<\/p>\n<p>T\u0259dbir \u015f\u0259hidl\u0259rimizin \u0259ziz xatir\u0259sinin yad edilm\u0259si il\u0259 ba\u015flay\u0131b.<br \/>\nGiri\u015f s&ouml;z&uuml; il\u0259 layih\u0259 r\u0259hb\u0259ri Elnur H&uuml;seynli &ccedil;\u0131x\u0131\u015f ed\u0259r\u0259k, layih\u0259 bar\u0259d\u0259 \u0259trafl\u0131 m\u0259lumat vermi\u015f, Ali Ba\u015f Komandan c\u0259nab \u0130lham \u018fliyevin r\u0259hb\u0259rliyi il\u0259 m&uuml;z\u0259ff\u0259r ordumuzun v\u0259 \u0259n \u0259sas\u0131 g\u0259ncl\u0259rimizin&nbsp; V\u0259t\u0259n m&uuml;harib\u0259sind\u0259ki q\u0259hr\u0259manl\u0131qlar\u0131ndan s&ouml;z a&ccedil;araq, yeti\u015fm\u0259kd\u0259 olan g\u0259nc n\u0259slin v\u0259t\u0259np\u0259rv\u0259rlik t\u0259rbiy\u0259sinin vacib oldu\u011funu bildirmi\u015f,&nbsp; se&ccedil;iml\u0259r \u0259sas\u0131nda layih\u0259y\u0259 qat\u0131lm\u0131\u015f i\u015ftirak&ccedil;\u0131lara u\u011furlar arzulam\u0131\u015fd\u0131r.<\/p>\n<p>Az\u0259rbaycan Respublikas\u0131n\u0131n Qeyri-H&ouml;kum\u0259t T\u0259\u015fkilatlar\u0131na D&ouml;vl\u0259t D\u0259st\u0259yi Agentliyinin \u0259m\u0259kda\u015f\u0131 Xatir\u0259 B\u0259\u015firova &ccedil;\u0131x\u0131\u015f ed\u0259r\u0259k Agentliyin f\u0259aliyy\u0259ti v\u0259 regionlarda v\u0259t\u0259np\u0259rv\u0259rliyi t\u0259bli\u011f ed\u0259n bu c&uuml;r layih\u0259l\u0259rin h\u0259yata ke&ccedil;irilm\u0259sinin vacib oldu\u011funu bildirmi\u015fdir.<br \/>\nDaha sonra &ccedil;\u0131x\u0131\u015f ed\u0259n qonaqlar layih\u0259nin i\u015fin\u0259 u\u011furlar arzulay\u0131b, layih\u0259nin g\u0259ncl\u0259rin v\u0259t\u0259np\u0259rv\u0259rlik t\u0259rbiy\u0259sind\u0259 vacib rol oynad\u0131\u011f\u0131n\u0131 vur\u011fulay\u0131blar.<\/p>\n<p>V\u0259t\u0259n m&uuml;harib\u0259sinin qazil\u0259ri Xan\u0131\u015fl\u0131 S\u0259ttarxan, G&ouml;z\u0259lb\u0259yli \u0130man &ccedil;\u0131x\u0131\u015f ed\u0259r\u0259k g\u0259nc n\u0259slin v\u0259t\u0259np\u0259rv\u0259rlik ruhunun inki\u015faf etdirilm\u0259si m\u0259qs\u0259dil\u0259 t\u0259\u015fkil olunan t\u0259dbir\u0259 g&ouml;r\u0259 t\u0259\u015fkilat&ccedil;\u0131lara t\u0259\u015f\u0259kk&uuml;r&uuml;n&uuml; bildiribl\u0259r.<\/p>\n<p>Layih\u0259 t\u0259lim&ccedil;isi Arif A\u011fazad\u0259 Z\u0259f\u0259r tarixi il\u0259 ba\u011fl\u0131 \u0259trafl\u0131 &ccedil;\u0131x\u0131\u015f ed\u0259r\u0259k 44 g&uuml;n \u0259rzind\u0259 m&uuml;z\u0259ff\u0259r ordumuzun qazand\u0131\u011f\u0131 tarixi q\u0259l\u0259b\u0259d\u0259n v\u0259 bu q\u0259l\u0259b\u0259ni \u015f\u0259rtl\u0259ndir\u0259n \u0259sas amill\u0259rd\u0259n dan\u0131\u015f\u0131b.<\/p>\n<p>Daha sonra m&uuml;sabiq\u0259y\u0259 start verilib. &Uuml;&ccedil; istiqam\u0259t &uuml;zr\u0259&nbsp; (esse, \u015feir, t\u0259sviri s\u0259n\u0259t)&nbsp; ke&ccedil;iril\u0259n yarad\u0131c\u0131l\u0131q m&uuml;sabiq\u0259sind\u0259 75 n\u0259f\u0259r g\u0259nc i\u015ftirak edib. T\u0259dbird\u0259 f\u0259al i\u015ftirak ed\u0259n g\u0259ncl\u0259r sertifikatla t\u0259ltif olunublar. M&uuml;sabiq\u0259l\u0259rd\u0259 m&uuml;nsifl\u0259rin q\u0259rar\u0131na \u0259sas\u0259n \u0259n yax\u015f\u0131 n\u0259tic\u0259 g&ouml;st\u0259r\u0259n g\u0259ncl\u0259r aprel ay\u0131nda Bil\u0259suvar rayonunda ke&ccedil;iril\u0259c\u0259k final m\u0259rh\u0259l\u0259sin\u0259 v\u0259siq\u0259 qazanacaqlar.<\/p>\n<p>Qeyd ed\u0259k ki, layih\u0259nin n&ouml;vb\u0259ti m\u0259rh\u0259l\u0259l\u0259ri C\u0259lilabad v\u0259 Salyan rayonlar\u0131nda ke&ccedil;iril\u0259c\u0259kdir.<\/p>\n","protected":false},"excerpt":{"rendered":"<p>10 mart 2022-ci il tarixd\u0259 Bil\u0259suvar rayonunda Az\u0259rbaycan Respublikas\u0131n\u0131n Qeyri-H&ouml;k&uuml;m\u0259t T\u0259\u015fkilatlar\u0131na D&ouml;vl\u0259t D\u0259st\u0259yi Agentliyinin maliyy\u0259 d\u0259st\u0259yi il\u0259 Bil\u0259suvar Yeniyetm\u0259 v\u0259 G\u0259ncl\u0259ri \u0130ctimai Birliyi t\u0259r\u0259find\u0259n &ldquo;44 g&uuml;nl&uuml;k Z\u0259f\u0259r&rdquo; G\u0259ncl\u0259rin Yarad\u0131c\u0131l\u0131q Festival\u0131n\u0131n&hellip;<\/p>\n","protected":false},"author":1,"featured_media":251278,"comment_status":"open","ping_status":"open","sticky":false,"template":"","format":"standard","meta":{"_lmt_disableupdate":"","_lmt_disable":"","footnotes":""},"categories":[91],"tags":[],"class_list":["post-143808","post","type-post","status-publish","format-standard","has-post-thumbnail","hentry","category-olkeici"],"_links":{"self":[{"href":"https:\/\/ucnoqta.az\/index.php?rest_route=\/wp\/v2\/posts\/143808","targetHints":{"allow":["GET"]}}],"collection":[{"href":"https:\/\/ucnoqta.az\/index.php?rest_route=\/wp\/v2\/posts"}],"about":[{"href":"https:\/\/ucnoqta.az\/index.php?rest_route=\/wp\/v2\/types\/post"}],"author":[{"embeddable":true,"href":"https:\/\/ucnoqta.az\/index.php?rest_route=\/wp\/v2\/users\/1"}],"replies":[{"embeddable":true,"href":"https:\/\/ucnoqta.az\/index.php?rest_route=%2Fwp%2Fv2%2Fcomments&post=143808"}],"version-history":[{"count":0,"href":"https:\/\/ucnoqta.az\/index.php?rest_route=\/wp\/v2\/posts\/143808\/revisions"}],"wp:featuredmedia":[{"embeddable":true,"href":"https:\/\/ucnoqta.az\/index.php?rest_route=\/wp\/v2\/media\/251278"}],"wp:attachment":[{"href":"https:\/\/ucnoqta.az\/index.php?rest_route=%2Fwp%2Fv2%2Fmedia&parent=143808"}],"wp:term":[{"taxonomy":"category","embeddable":true,"href":"https:\/\/ucnoqta.az\/index.php?rest_route=%2Fwp%2Fv2%2Fcategories&post=143808"},{"taxonomy":"post_tag","embeddable":true,"href":"https:\/\/ucnoqta.az\/index.php?rest_route=%2Fwp%2Fv2%2Ftags&post=143808"}],"curies":[{"name":"wp","href":"https:\/\/api.w.org\/{rel}","templated":true}]}}