{"id":143804,"date":"2022-03-11T17:35:05","date_gmt":"2022-03-11T13:35:05","guid":{"rendered":""},"modified":"-0001-11-30T00:00:00","modified_gmt":"-0001-11-29T20:00:00","slug":"","status":"publish","type":"post","link":"https:\/\/ucnoqta.az\/?p=143804","title":{"rendered":"Akif \u00c7ovdarovdan \u015fikay\u0259t\u00e7i olan biznesmen axtar\u0131\u015fa verildi"},"content":{"rendered":"<p><strong>L\u0259\u011fv olunmu\u015f Milli T\u0259hl&uuml;k\u0259sizlik Nazirliyinin (MTN) sabiq ba\u015f idar\u0259 r\u0259isi, general-mayor Akif &Ccedil;ovdarovun cinay\u0259t i\u015find\u0259 ad\u0131 ke&ccedil;\u0259n biznesmen axtar\u0131\u015fa verilib.<\/strong><\/p>\n<p>Ucnoqta.az-\u0131n&nbsp;Lent.az-a istinad\u0259n&nbsp;m\u0259lumat\u0131na g&ouml;r\u0259, \u018fdilov Q\u0259dim \u018fdil o\u011flu Cinay\u0259t M\u0259c\u0259ll\u0259sinin 178.2.4-c&uuml; (d\u0259l\u0259duzluq, xeyli miqdarda ziyan vurmaqla t&ouml;r\u0259dildikd\u0259) madd\u0259si il\u0259 t\u0259qsirl\u0259ndirilir.<\/p>\n<p>&Ccedil;oxsayl\u0131 v\u0259t\u0259nda\u015f \u015fikay\u0259tl\u0259ri \u0259sas\u0131nda Q.\u018fdilov bar\u0259sind\u0259 cinay\u0259t i\u015fi ba\u015flan\u0131b. \u0130stintaqdan yay\u0131nd\u0131\u011f\u0131 &uuml;&ccedil;&uuml;n onun bar\u0259sind\u0259 axtar\u0131\u015f elan edilib.<\/p>\n<p>Haz\u0131rda Q. \u018fdilovun tutularaq istintaqa c\u0259lb edilm\u0259si istiqam\u0259tind\u0259 \u0259m\u0259liyyat-axtar\u0131\u015f t\u0259dbirl\u0259rini davam etdirir.<\/p>\n<p>Qeyd ed\u0259k ki, Q. \u018fdilovun ad\u0131 Akif &Ccedil;ovdarovun cinay\u0259t i\u015find\u0259 ke&ccedil;ib. Tikinti materiallar\u0131, taxta-\u015falban biznesi il\u0259 m\u0259\u015f\u011ful olan Q. \u018fdilov Akif &Ccedil;ovdarovdan \u015fikay\u0259t&ccedil;i olub.<\/p>\n<p>H\u0259min hadis\u0259l\u0259rd\u0259n bir ne&ccedil;\u0259 il sonra, 2019-cu ild\u0259 Q. \u018fdilov d\u0259l\u0259duzluq ittiham\u0131 il\u0259 h\u0259bs edilib. Onun 17 n\u0259f\u0259r\u0259 qar\u015f\u0131 2 milyon manatl\u0131q d\u0259l\u0259duzluq etdiyi iddia olunur.<\/p>\n<p>H\u0259bs edildikd\u0259n bir ne&ccedil;\u0259 ay sonra azadl\u0131\u011fa burax\u0131lan Q.\u018fdilov istintaqdan yay\u0131naraq &ouml;lk\u0259ni t\u0259rk edib.<\/p>\n<p>Haz\u0131rda onun Rusiyada oldu\u011fu bildirilir.<\/p>\n","protected":false},"excerpt":{"rendered":"<p>L\u0259\u011fv olunmu\u015f Milli T\u0259hl&uuml;k\u0259sizlik Nazirliyinin (MTN) sabiq ba\u015f idar\u0259 r\u0259isi, general-mayor Akif &Ccedil;ovdarovun cinay\u0259t i\u015find\u0259 ad\u0131 ke&ccedil;\u0259n biznesmen axtar\u0131\u015fa verilib. Ucnoqta.az-\u0131n&nbsp;Lent.az-a istinad\u0259n&nbsp;m\u0259lumat\u0131na g&ouml;r\u0259, \u018fdilov Q\u0259dim \u018fdil o\u011flu Cinay\u0259t M\u0259c\u0259ll\u0259sinin 178.2.4-c&uuml;&hellip;<\/p>\n","protected":false},"author":1,"featured_media":251278,"comment_status":"open","ping_status":"open","sticky":false,"template":"","format":"standard","meta":{"_lmt_disableupdate":"","_lmt_disable":"","footnotes":""},"categories":[],"tags":[],"class_list":["post-143804","post","type-post","status-publish","format-standard","has-post-thumbnail","hentry"],"_links":{"self":[{"href":"https:\/\/ucnoqta.az\/index.php?rest_route=\/wp\/v2\/posts\/143804","targetHints":{"allow":["GET"]}}],"collection":[{"href":"https:\/\/ucnoqta.az\/index.php?rest_route=\/wp\/v2\/posts"}],"about":[{"href":"https:\/\/ucnoqta.az\/index.php?rest_route=\/wp\/v2\/types\/post"}],"author":[{"embeddable":true,"href":"https:\/\/ucnoqta.az\/index.php?rest_route=\/wp\/v2\/users\/1"}],"replies":[{"embeddable":true,"href":"https:\/\/ucnoqta.az\/index.php?rest_route=%2Fwp%2Fv2%2Fcomments&post=143804"}],"version-history":[{"count":0,"href":"https:\/\/ucnoqta.az\/index.php?rest_route=\/wp\/v2\/posts\/143804\/revisions"}],"wp:featuredmedia":[{"embeddable":true,"href":"https:\/\/ucnoqta.az\/index.php?rest_route=\/wp\/v2\/media\/251278"}],"wp:attachment":[{"href":"https:\/\/ucnoqta.az\/index.php?rest_route=%2Fwp%2Fv2%2Fmedia&parent=143804"}],"wp:term":[{"taxonomy":"category","embeddable":true,"href":"https:\/\/ucnoqta.az\/index.php?rest_route=%2Fwp%2Fv2%2Fcategories&post=143804"},{"taxonomy":"post_tag","embeddable":true,"href":"https:\/\/ucnoqta.az\/index.php?rest_route=%2Fwp%2Fv2%2Ftags&post=143804"}],"curies":[{"name":"wp","href":"https:\/\/api.w.org\/{rel}","templated":true}]}}