{"id":143797,"date":"2022-03-11T17:09:38","date_gmt":"2022-03-11T13:09:38","guid":{"rendered":""},"modified":"-0001-11-30T00:00:00","modified_gmt":"-0001-11-29T20:00:00","slug":"","status":"publish","type":"post","link":"https:\/\/ucnoqta.az\/?p=143797","title":{"rendered":"G\u0259nc\u0259d\u0259 ke\u00e7mi\u015f arvad\u0131n\u0131 \u00f6ld\u00fcr\u0259n \u015f\u0259xs\u0259 17 il h\u0259bs c\u0259zas\u0131 verildi"},"content":{"rendered":"<p><strong>G\u0259nc\u0259 \u015f\u0259h\u0259rind\u0259 ke&ccedil;mi\u015f arvad\u0131n\u0131 &ouml;ld&uuml;rm\u0259kd\u0259 t\u0259qsirl\u0259ndiril\u0259n Qafar Amanova h&ouml;km oxunub, v\u0259 o,17 il m&uuml;dd\u0259tin\u0259 azadl\u0131qdan m\u0259hrum edilib.<\/strong><\/p>\n<p>Bu bar\u0259d\u0259 h&ouml;km G\u0259nc\u0259 A\u011f\u0131r Cinay\u0259tl\u0259r M\u0259hk\u0259m\u0259sinin hakimi Dada\u015f \u0130manovun s\u0259drliyi il\u0259 ke&ccedil;iril\u0259n prosesd\u0259 elan olunub.<\/p>\n<p>Qeyd ed\u0259k ki, hadis\u0259 &ouml;t\u0259n ilin may\u0131nda G\u0259nc\u0259 \u015f\u0259h\u0259rind\u0259 qeyd\u0259 al\u0131n\u0131b.<\/p>\n<p>Bel\u0259 ki, Q.Amanov \u015f\u0259xsi m&uuml;nasib\u0259tl\u0259r z\u0259minind\u0259 aralar\u0131nda yaranan m&uuml;bahis\u0259 zaman\u0131 ke&ccedil;mi\u015f h\u0259yat yolda\u015f\u0131 G&uuml;nay Amanovan\u0131 b\u0131&ccedil;aqla &ccedil;oxsayl\u0131 x\u0259sar\u0259tl\u0259r yetir\u0259r\u0259k &ouml;ld&uuml;r&uuml;b.<\/p>\n<p>Daha sonra o, \u015f&uuml;bh\u0259li \u015f\u0259xs qismind\u0259 tutularaq istintaqa c\u0259lb edilib.<\/p>\n<p>Q.Amanovun bar\u0259sind\u0259 Cinay\u0259t M\u0259c\u0259ll\u0259sinin 120.2.4-c&uuml; (Q\u0259sd\u0259n adam &ouml;ld&uuml;rm\u0259, x&uuml;susi amans\u0131zl\u0131qla v\u0259 ya &uuml;mumi t\u0259hl&uuml;k\u0259li &uuml;sulla adam &ouml;ld&uuml;rm\u0259) madd\u0259si il\u0259 ittiham ir\u0259li s&uuml;r&uuml;l&uuml;b.\/\/\/report<\/p>\n","protected":false},"excerpt":{"rendered":"<p>G\u0259nc\u0259 \u015f\u0259h\u0259rind\u0259 ke&ccedil;mi\u015f arvad\u0131n\u0131 &ouml;ld&uuml;rm\u0259kd\u0259 t\u0259qsirl\u0259ndiril\u0259n Qafar Amanova h&ouml;km oxunub, v\u0259 o,17 il m&uuml;dd\u0259tin\u0259 azadl\u0131qdan m\u0259hrum edilib. Bu bar\u0259d\u0259 h&ouml;km G\u0259nc\u0259 A\u011f\u0131r Cinay\u0259tl\u0259r M\u0259hk\u0259m\u0259sinin hakimi Dada\u015f \u0130manovun s\u0259drliyi il\u0259 ke&ccedil;iril\u0259n&hellip;<\/p>\n","protected":false},"author":1,"featured_media":251278,"comment_status":"open","ping_status":"open","sticky":false,"template":"","format":"standard","meta":{"_lmt_disableupdate":"","_lmt_disable":"","footnotes":""},"categories":[],"tags":[],"class_list":["post-143797","post","type-post","status-publish","format-standard","has-post-thumbnail","hentry"],"_links":{"self":[{"href":"https:\/\/ucnoqta.az\/index.php?rest_route=\/wp\/v2\/posts\/143797","targetHints":{"allow":["GET"]}}],"collection":[{"href":"https:\/\/ucnoqta.az\/index.php?rest_route=\/wp\/v2\/posts"}],"about":[{"href":"https:\/\/ucnoqta.az\/index.php?rest_route=\/wp\/v2\/types\/post"}],"author":[{"embeddable":true,"href":"https:\/\/ucnoqta.az\/index.php?rest_route=\/wp\/v2\/users\/1"}],"replies":[{"embeddable":true,"href":"https:\/\/ucnoqta.az\/index.php?rest_route=%2Fwp%2Fv2%2Fcomments&post=143797"}],"version-history":[{"count":0,"href":"https:\/\/ucnoqta.az\/index.php?rest_route=\/wp\/v2\/posts\/143797\/revisions"}],"wp:featuredmedia":[{"embeddable":true,"href":"https:\/\/ucnoqta.az\/index.php?rest_route=\/wp\/v2\/media\/251278"}],"wp:attachment":[{"href":"https:\/\/ucnoqta.az\/index.php?rest_route=%2Fwp%2Fv2%2Fmedia&parent=143797"}],"wp:term":[{"taxonomy":"category","embeddable":true,"href":"https:\/\/ucnoqta.az\/index.php?rest_route=%2Fwp%2Fv2%2Fcategories&post=143797"},{"taxonomy":"post_tag","embeddable":true,"href":"https:\/\/ucnoqta.az\/index.php?rest_route=%2Fwp%2Fv2%2Ftags&post=143797"}],"curies":[{"name":"wp","href":"https:\/\/api.w.org\/{rel}","templated":true}]}}