{"id":143795,"date":"2022-03-11T17:00:10","date_gmt":"2022-03-11T13:00:10","guid":{"rendered":""},"modified":"-0001-11-30T00:00:00","modified_gmt":"-0001-11-29T20:00:00","slug":"","status":"publish","type":"post","link":"https:\/\/ucnoqta.az\/?p=143795","title":{"rendered":"T\u00fcrkiy\u0259 Rusiyaya qar\u015f\u0131 sanksiyalar planla\u015fd\u0131rm\u0131r"},"content":{"rendered":"<p><strong>T&uuml;rkiy\u0259 haz\u0131rda Rusiyaya qar\u015f\u0131 sanksiyalar t\u0259tbiq etm\u0259yi planla\u015fd\u0131rm\u0131r.<\/strong><\/p>\n<p>Bu s&ouml;zl\u0259ri T&uuml;rkiy\u0259 prezidentinin s&ouml;z&ccedil;&uuml;s&uuml; \u0130brahim Kal\u0131n deyib.<\/p>\n<p>&ldquo;Haz\u0131rda biz Rusiyaya qar\u015f\u0131 sanksiyalar t\u0259tbiq etm\u0259yi planla\u015fd\u0131rm\u0131r\u0131q. &Ccedil;&uuml;nki biz g&uuml;v\u0259n kanal\u0131n\u0131n a&ccedil;\u0131q qalmas\u0131n\u0131 ist\u0259yirik. V\u0259 t\u0259bii ki, iqtisadiyyat\u0131m\u0131z\u0131n z\u0259r\u0259r g&ouml;rm\u0259sini ist\u0259mirik&rdquo;, &#8211; dey\u0259 o bildirib.<\/p>\n<p>Daha \u0259vv\u0259l NATO-nun ba\u015f katibi Yens Stoltenberq alyans\u0131n b&uuml;t&uuml;n m&uuml;tt\u0259fiql\u0259rind\u0259n Rusiyaya qar\u015f\u0131 sanksiyalar g&ouml;zl\u0259diyini, bu siqnal\u0131n T&uuml;rkiy\u0259y\u0259 d\u0259 g&ouml;nd\u0259rildiyini bildirmi\u015fdi.\/\/\/oxu.az<\/p>\n","protected":false},"excerpt":{"rendered":"<p>T&uuml;rkiy\u0259 haz\u0131rda Rusiyaya qar\u015f\u0131 sanksiyalar t\u0259tbiq etm\u0259yi planla\u015fd\u0131rm\u0131r. Bu s&ouml;zl\u0259ri T&uuml;rkiy\u0259 prezidentinin s&ouml;z&ccedil;&uuml;s&uuml; \u0130brahim Kal\u0131n deyib. &ldquo;Haz\u0131rda biz Rusiyaya qar\u015f\u0131 sanksiyalar t\u0259tbiq etm\u0259yi planla\u015fd\u0131rm\u0131r\u0131q. &Ccedil;&uuml;nki biz g&uuml;v\u0259n kanal\u0131n\u0131n a&ccedil;\u0131q qalmas\u0131n\u0131&hellip;<\/p>\n","protected":false},"author":1,"featured_media":251278,"comment_status":"open","ping_status":"open","sticky":false,"template":"","format":"standard","meta":{"_lmt_disableupdate":"","_lmt_disable":"","footnotes":""},"categories":[89],"tags":[],"class_list":["post-143795","post","type-post","status-publish","format-standard","has-post-thumbnail","hentry","category-dunya-butun-xeberler"],"_links":{"self":[{"href":"https:\/\/ucnoqta.az\/index.php?rest_route=\/wp\/v2\/posts\/143795","targetHints":{"allow":["GET"]}}],"collection":[{"href":"https:\/\/ucnoqta.az\/index.php?rest_route=\/wp\/v2\/posts"}],"about":[{"href":"https:\/\/ucnoqta.az\/index.php?rest_route=\/wp\/v2\/types\/post"}],"author":[{"embeddable":true,"href":"https:\/\/ucnoqta.az\/index.php?rest_route=\/wp\/v2\/users\/1"}],"replies":[{"embeddable":true,"href":"https:\/\/ucnoqta.az\/index.php?rest_route=%2Fwp%2Fv2%2Fcomments&post=143795"}],"version-history":[{"count":0,"href":"https:\/\/ucnoqta.az\/index.php?rest_route=\/wp\/v2\/posts\/143795\/revisions"}],"wp:featuredmedia":[{"embeddable":true,"href":"https:\/\/ucnoqta.az\/index.php?rest_route=\/wp\/v2\/media\/251278"}],"wp:attachment":[{"href":"https:\/\/ucnoqta.az\/index.php?rest_route=%2Fwp%2Fv2%2Fmedia&parent=143795"}],"wp:term":[{"taxonomy":"category","embeddable":true,"href":"https:\/\/ucnoqta.az\/index.php?rest_route=%2Fwp%2Fv2%2Fcategories&post=143795"},{"taxonomy":"post_tag","embeddable":true,"href":"https:\/\/ucnoqta.az\/index.php?rest_route=%2Fwp%2Fv2%2Ftags&post=143795"}],"curies":[{"name":"wp","href":"https:\/\/api.w.org\/{rel}","templated":true}]}}