{"id":143794,"date":"2022-03-11T16:45:33","date_gmt":"2022-03-11T12:45:33","guid":{"rendered":""},"modified":"-0001-11-30T00:00:00","modified_gmt":"-0001-11-29T20:00:00","slug":"","status":"publish","type":"post","link":"https:\/\/ucnoqta.az\/?p=143794","title":{"rendered":"\u201cUkrayna haql\u0131 m\u00fcbariz\u0259sind\u0259 yaln\u0131z qoyuldu\u201d &#8211; <font color=red><b>\u018frdo\u011fan <\/b><\/font>"},"content":{"rendered":"<p><strong>&ldquo;Antalya Diplomatiya Forumu t\u0259dric\u0259n m\u0259qs\u0259din\u0259 &ccedil;at\u0131r&rdquo;.<\/strong><\/p>\n<p>Bunu T&uuml;rkiy\u0259 Prezidenti R\u0259c\u0259b Tayyib \u018frdo\u011fan Antalya Diplomatiya Forumunun a&ccedil;\u0131l\u0131\u015f\u0131nda deyib.<\/p>\n<p>&ldquo;Rusiya v\u0259 Ukrayna aras\u0131ndak\u0131 b&ouml;hrandan sonra d&uuml;n\u0259n h\u0259r iki t\u0259r\u0259fd\u0259n xarici i\u015fl\u0259r nazirl\u0259rinin ilk g&ouml;r&uuml;\u015f&uuml;n&uuml;n Antalyada ba\u015f tutmas\u0131 bunu t\u0259sdiql\u0259yir&rdquo;, &#8211; o deyib.<\/p>\n<p>T&uuml;rkiy\u0259 Prezidenti hesab edir ki, beyn\u0259lxalq qurumlara inam z\u0259ifl\u0259yib: &ldquo;B&ouml;hranlara etinas\u0131z yana\u015fman\u0131n f\u0259sadlar\u0131n\u0131 birlikd\u0259 g&ouml;rm\u0259kd\u0259yik. Ukrayna m\u0259s\u0259l\u0259si g&ouml;st\u0259rir ki, tarixd\u0259n d\u0259rs almaq laz\u0131md\u0131r. Rusiya v\u0259 Ukrayna h\u0259m qon\u015fumuz, h\u0259m d\u0259 dostumuzdur. Onlar\u0131n m&uuml;harib\u0259 aparmas\u0131ndan &ccedil;ox narahat\u0131q. Sava\u015f \u0259n &ccedil;ox bizi narahat edir&rdquo;.<\/p>\n<p>R.T.\u018frdo\u011fan s&ouml;yl\u0259yib ki, T&uuml;rkiy\u0259nin Kr\u0131mla ba\u011fl\u0131 m&ouml;vqeyi d\u0259yi\u015fm\u0259zdir: &ldquo;Kr\u0131mla ba\u011fl\u0131 konkret m&ouml;vqeyimizi 2014-c&uuml; ild\u0259n bu yana t\u0259krarlay\u0131r\u0131q. H\u0259m Rusiya, Ukrayna il\u0259 m&uuml;zakir\u0259l\u0259rimizd\u0259 bu m&ouml;vzunu daim g&uuml;nd\u0259md\u0259 saxlam\u0131\u015f\u0131q. Q\u0259rb Kr\u0131m\u0131n i\u015f\u011fal\u0131na reaksiya vers\u0259ydi, indi bu m\u0259nz\u0259r\u0259ni g&ouml;r\u0259rdikmi?! Amma Q\u0259rb Kr\u0131m\u0131n i\u015f\u011fal\u0131na g&ouml;z yumdu. \u0130ndi is\u0259 onlar n\u0259l\u0259rs\u0259 dan\u0131\u015f\u0131rlar&rdquo;.<\/p>\n<p>T&uuml;rkiy\u0259 lideri hesab edir ki, Ukraynaya laz\u0131m\u0131 d\u0259st\u0259k verilm\u0259yib: &ldquo;Ukrayna haql\u0131 m&uuml;bariz\u0259sind\u0259 yaln\u0131z qoyuldu. At\u0259\u015f\u0259 benzin t&ouml;km\u0259yin kims\u0259 faydas\u0131 yoxdur. Rus m\u0259d\u0259niyy\u0259tin\u0259 qar\u015f\u0131 fa\u015fist add\u0131mlar q\u0259buledilm\u0259zdir. Almaniyada Putinin dostu istefaya g&ouml;nd\u0259rilir. Ba\u015fqa Avropa &ouml;lk\u0259sind\u0259 Dostoyevskinin \u0259s\u0259rl\u0259ri qada\u011fan edilir. Bu, \u0130raqda Hulakil\u0259rin vandall\u0131\u011f\u0131n\u0131 xat\u0131rlad\u0131r. Biz yeni Hulakil\u0259r ist\u0259mirik. \u0130nsanl\u0131q buna layiq deyil. Biz sabitliyin b\u0259rpas\u0131 &uuml;&ccedil;&uuml;n &ccedil;al\u0131\u015f\u0131r\u0131q&rdquo;.\/\/\/report<\/p>\n","protected":false},"excerpt":{"rendered":"<p>&ldquo;Antalya Diplomatiya Forumu t\u0259dric\u0259n m\u0259qs\u0259din\u0259 &ccedil;at\u0131r&rdquo;. Bunu T&uuml;rkiy\u0259 Prezidenti R\u0259c\u0259b Tayyib \u018frdo\u011fan Antalya Diplomatiya Forumunun a&ccedil;\u0131l\u0131\u015f\u0131nda deyib. &ldquo;Rusiya v\u0259 Ukrayna aras\u0131ndak\u0131 b&ouml;hrandan sonra d&uuml;n\u0259n h\u0259r iki t\u0259r\u0259fd\u0259n xarici i\u015fl\u0259r nazirl\u0259rinin&hellip;<\/p>\n","protected":false},"author":1,"featured_media":251278,"comment_status":"open","ping_status":"open","sticky":false,"template":"","format":"standard","meta":{"_lmt_disableupdate":"","_lmt_disable":"","footnotes":""},"categories":[89],"tags":[],"class_list":["post-143794","post","type-post","status-publish","format-standard","has-post-thumbnail","hentry","category-dunya-butun-xeberler"],"_links":{"self":[{"href":"https:\/\/ucnoqta.az\/index.php?rest_route=\/wp\/v2\/posts\/143794","targetHints":{"allow":["GET"]}}],"collection":[{"href":"https:\/\/ucnoqta.az\/index.php?rest_route=\/wp\/v2\/posts"}],"about":[{"href":"https:\/\/ucnoqta.az\/index.php?rest_route=\/wp\/v2\/types\/post"}],"author":[{"embeddable":true,"href":"https:\/\/ucnoqta.az\/index.php?rest_route=\/wp\/v2\/users\/1"}],"replies":[{"embeddable":true,"href":"https:\/\/ucnoqta.az\/index.php?rest_route=%2Fwp%2Fv2%2Fcomments&post=143794"}],"version-history":[{"count":0,"href":"https:\/\/ucnoqta.az\/index.php?rest_route=\/wp\/v2\/posts\/143794\/revisions"}],"wp:featuredmedia":[{"embeddable":true,"href":"https:\/\/ucnoqta.az\/index.php?rest_route=\/wp\/v2\/media\/251278"}],"wp:attachment":[{"href":"https:\/\/ucnoqta.az\/index.php?rest_route=%2Fwp%2Fv2%2Fmedia&parent=143794"}],"wp:term":[{"taxonomy":"category","embeddable":true,"href":"https:\/\/ucnoqta.az\/index.php?rest_route=%2Fwp%2Fv2%2Fcategories&post=143794"},{"taxonomy":"post_tag","embeddable":true,"href":"https:\/\/ucnoqta.az\/index.php?rest_route=%2Fwp%2Fv2%2Ftags&post=143794"}],"curies":[{"name":"wp","href":"https:\/\/api.w.org\/{rel}","templated":true}]}}