{"id":136309,"date":"2021-12-09T19:40:25","date_gmt":"2021-12-09T15:40:25","guid":{"rendered":""},"modified":"-0001-11-30T00:00:00","modified_gmt":"-0001-11-29T20:00:00","slug":"","status":"publish","type":"post","link":"https:\/\/ucnoqta.az\/?p=136309","title":{"rendered":"Az\u0259rbaycanda &#8220;Omikron&#8221; \u015ftam\u0131na rast g\u0259linm\u0259yib &#8211; <font color=red><b>\u00dcST<\/b><\/font>"},"content":{"rendered":"<p><strong>&Uuml;mumd&uuml;nya S\u0259hiyy\u0259 T\u0259\u015fkilat\u0131n\u0131n (&Uuml;ST) Az\u0259rbaycandak\u0131 n&uuml;may\u0259nd\u0259si v\u0259 ofis r\u0259hb\u0259ri Hande Harmanc\u0131n\u0131n ba\u015f&ccedil;\u0131l\u0131q etdiyi n&uuml;may\u0259nd\u0259 hey\u0259ti G\u0259nc\u0259y\u0259 s\u0259f\u0259r edib.<\/strong><\/p>\n<p>Hande Harmanc\u0131 COVID-19-la m&uuml;bariz\u0259 &ccedil;\u0259r&ccedil;iv\u0259sind\u0259 G\u0259nc\u0259 \u015f\u0259h\u0259rind\u0259 g&ouml;r&uuml;l\u0259n i\u015fl\u0259ri t\u0259qdir\u0259layiq hesab etdiyini bildirib. O qeyd edib ki, tibbi maskalardan istifad\u0259, sosial m\u0259saf\u0259nin saxlan\u0131lmas\u0131 v\u0259 vaksinasiya kimi h\u0259yata ke&ccedil;iril\u0259n qabaqlay\u0131c\u0131 t\u0259dbirl\u0259rin faydas\u0131 g&ouml;r&uuml;lm\u0259kd\u0259dir. M&uuml;\u015fahid\u0259l\u0259r g&ouml;st\u0259rir ki, vaksinasiya prosesinin geni\u015f v&uuml;s\u0259t ald\u0131\u011f\u0131 \u0259razil\u0259rd\u0259 &ouml;l&uuml;m hallar\u0131 n\u0259z\u0259r\u0259&ccedil;arpacaq d\u0259r\u0259c\u0259d\u0259 azalmaqdad\u0131r. O bildirib ki, I doza &ouml;n\u0259mli olsa da, vaksin &ouml;z t\u0259sirini II dozadan sonra g&ouml;st\u0259rir.<\/p>\n<p>H.Harmanc\u0131 x&uuml;susil\u0259 risk qrupuna daxil olan \u015f\u0259xsl\u0259rin vaksin olunmalar\u0131n\u0131n vacibliyin\u0259 toxunub. O qeyd edib ki, tibb i\u015f&ccedil;il\u0259ri, ya\u015f\u0131 65 v\u0259 daha yuxar\u0131 olan \u015f\u0259xsl\u0259r, h\u0259m&ccedil;inin hamil\u0259 qad\u0131nlar vaksin olunmal\u0131d\u0131rlar. &ldquo;Son zamanlar m&uuml;t\u0259x\u0259sisl\u0259r hamil\u0259 qad\u0131nlar\u0131n da vaksin olunmalar\u0131 y&ouml;n&uuml;nd\u0259 fikirl\u0259r bildirirl\u0259r&rdquo;, &#8211; &Uuml;ST-&uuml;n Az\u0259rbaycandak\u0131 n&uuml;may\u0259nd\u0259si bildirib. O, COVID-19 virusunun yeni \u015ftamlar\u0131ndan da s&ouml;z a&ccedil;\u0131b. 5-14 ya\u015f aras\u0131 u\u015faq v\u0259 yeniyetm\u0259l\u0259r aras\u0131nda &quot;Delta-M&quot; v\u0259 &quot;Omikron&quot; \u015ftamlar\u0131na yoluxma hallar\u0131n\u0131n artd\u0131\u011f\u0131n\u0131 bildir\u0259n Hande Harmanc\u0131, Az\u0259rbaycanda h\u0259l\u0259ki &quot;Omikron&quot; \u015ftam\u0131na rast g\u0259linm\u0259diyini d\u0259 qeyd edib.<\/p>\n<p>G&ouml;r&uuml;\u015fd\u0259 Avropa \u0130ttifaq\u0131 v\u0259 &Uuml;mumd&uuml;nya S\u0259hiyy\u0259 T\u0259\u015fkilat\u0131 t\u0259f\u0259rind\u0259n &ldquo;COVID-19 \u0259leyhin\u0259 vaksinasiyaya d\u0259st\u0259k&rdquo; v\u0259 &ldquo;Sa\u011flaml\u0131q &uuml;&ccedil;&uuml;n h\u0259mr\u0259ylik t\u0259\u015f\u0259bb&uuml;s&uuml;&rdquo; layih\u0259l\u0259rinin icra edildiyi \u015f\u0259h\u0259r r\u0259hb\u0259rinin diqq\u0259tin\u0259 &ccedil;atd\u0131r\u0131l\u0131b. Qeyd olunub ki, sabah G\u0259nc\u0259 Tibb Kollecind\u0259 s&ouml;z&uuml;ged\u0259n layih\u0259l\u0259r &ccedil;\u0259r&ccedil;iv\u0259sind\u0259 konfrans ba\u015f tutacaq.<\/p>\n","protected":false},"excerpt":{"rendered":"<p>&Uuml;mumd&uuml;nya S\u0259hiyy\u0259 T\u0259\u015fkilat\u0131n\u0131n (&Uuml;ST) Az\u0259rbaycandak\u0131 n&uuml;may\u0259nd\u0259si v\u0259 ofis r\u0259hb\u0259ri Hande Harmanc\u0131n\u0131n ba\u015f&ccedil;\u0131l\u0131q etdiyi n&uuml;may\u0259nd\u0259 hey\u0259ti G\u0259nc\u0259y\u0259 s\u0259f\u0259r edib. Hande Harmanc\u0131 COVID-19-la m&uuml;bariz\u0259 &ccedil;\u0259r&ccedil;iv\u0259sind\u0259 G\u0259nc\u0259 \u015f\u0259h\u0259rind\u0259 g&ouml;r&uuml;l\u0259n i\u015fl\u0259ri t\u0259qdir\u0259layiq hesab etdiyini&hellip;<\/p>\n","protected":false},"author":1,"featured_media":251278,"comment_status":"open","ping_status":"open","sticky":false,"template":"","format":"standard","meta":{"_lmt_disableupdate":"","_lmt_disable":"","footnotes":""},"categories":[101],"tags":[],"class_list":["post-136309","post","type-post","status-publish","format-standard","has-post-thumbnail","hentry","category-cemiyyet"],"_links":{"self":[{"href":"https:\/\/ucnoqta.az\/index.php?rest_route=\/wp\/v2\/posts\/136309","targetHints":{"allow":["GET"]}}],"collection":[{"href":"https:\/\/ucnoqta.az\/index.php?rest_route=\/wp\/v2\/posts"}],"about":[{"href":"https:\/\/ucnoqta.az\/index.php?rest_route=\/wp\/v2\/types\/post"}],"author":[{"embeddable":true,"href":"https:\/\/ucnoqta.az\/index.php?rest_route=\/wp\/v2\/users\/1"}],"replies":[{"embeddable":true,"href":"https:\/\/ucnoqta.az\/index.php?rest_route=%2Fwp%2Fv2%2Fcomments&post=136309"}],"version-history":[{"count":0,"href":"https:\/\/ucnoqta.az\/index.php?rest_route=\/wp\/v2\/posts\/136309\/revisions"}],"wp:featuredmedia":[{"embeddable":true,"href":"https:\/\/ucnoqta.az\/index.php?rest_route=\/wp\/v2\/media\/251278"}],"wp:attachment":[{"href":"https:\/\/ucnoqta.az\/index.php?rest_route=%2Fwp%2Fv2%2Fmedia&parent=136309"}],"wp:term":[{"taxonomy":"category","embeddable":true,"href":"https:\/\/ucnoqta.az\/index.php?rest_route=%2Fwp%2Fv2%2Fcategories&post=136309"},{"taxonomy":"post_tag","embeddable":true,"href":"https:\/\/ucnoqta.az\/index.php?rest_route=%2Fwp%2Fv2%2Ftags&post=136309"}],"curies":[{"name":"wp","href":"https:\/\/api.w.org\/{rel}","templated":true}]}}