{"id":136308,"date":"2021-12-09T19:29:06","date_gmt":"2021-12-09T15:29:06","guid":{"rendered":""},"modified":"-0001-11-30T00:00:00","modified_gmt":"-0001-11-29T20:00:00","slug":"","status":"publish","type":"post","link":"https:\/\/ucnoqta.az\/?p=136308","title":{"rendered":"Penitensiar Xidm\u0259t Saleh R\u00fcst\u0259mli bar\u0259d\u0259 m\u0259lumat yay\u0131b"},"content":{"rendered":"<p><strong>&quot;B\u0259zi sosial \u015f\u0259b\u0259k\u0259l\u0259rd\u0259 m\u0259hkum Saleh R&uuml;st\u0259movun s\u0259hh\u0259ti il\u0259 ba\u011fl\u0131 h\u0259qiq\u0259ti \u0259ks etdirm\u0259y\u0259n m\u0259lumatlar d\u0259rc edilib. Bununla \u0259laq\u0259dar bildirilir ki, haz\u0131rda Penitensiar xidm\u0259tin M&uuml;alic\u0259 m&uuml;\u0259ssis\u0259sind\u0259 saxlan\u0131lan G\u0259d\u0259b\u0259y Rayon \u0130cra Hakimiyy\u0259tinin sabiq ba\u015f&ccedil;\u0131s\u0131 Saleh R&uuml;st\u0259mov qida q\u0259bulundan imtina etm\u0259si il\u0259 ba\u011fl\u0131 s\u0259hh\u0259ti daim h\u0259kim n\u0259zar\u0259tind\u0259dir v\u0259 d\u0259st\u0259kl\u0259yici m&uuml;alic\u0259 t\u0259dbirl\u0259rin\u0259 c\u0259lb olunub&quot;.<\/strong><\/p>\n<p>Bu bar\u0259d\u0259&nbsp;Ucnoqta.az-a \u018fdliyy\u0259 Nazirliyi Penitensiar xidm\u0259tind\u0259n bildirilib.<br \/>\nM\u0259lumatda daha sonra deyilir ki, eyni zamanda onunla d\u0259f\u0259l\u0259rl\u0259 psixoloji-profilaktik, f\u0259rdi-t\u0259rbiy\u0259vi, s\u0259hh\u0259ti il\u0259 \u0259laq\u0259dar maarifl\u0259ndirici-izahedici s&ouml;hb\u0259tl\u0259r apar\u0131l\u0131b, qida q\u0259bulundan imtinan\u0131n ver\u0259 bil\u0259c\u0259k f\u0259sadlar\u0131 \u0259trafl\u0131 izah edilib. Bu m\u0259qs\u0259dl\u0259 h\u0259m&ccedil;inin, S.R&uuml;st\u0259mova m&uuml;nt\u0259z\u0259m olaraq h&uuml;quqi yard\u0131m g&ouml;st\u0259r\u0259n v\u0259kili v\u0259 yax\u0131n qohumlar\u0131 il\u0259 g&ouml;r&uuml;\u015fm\u0259sin\u0259, telefonla dan\u0131\u015fmas\u0131na \u015f\u0259rait yarad\u0131l\u0131b.<\/p>\n<p>M\u0259hkum S.R&uuml;st\u0259mov Ombudsman aparat\u0131n\u0131n \u0259m\u0259kda\u015flar\u0131, v\u0259t\u0259nda\u015f c\u0259miyy\u0259ti institutlar\u0131 v\u0259 h&uuml;quq m&uuml;di\u0259&ccedil;il\u0259ri, Beyn\u0259lxalq Q\u0131rm\u0131z\u0131 Xa&ccedil; Komit\u0259si Bak\u0131 ofisinin n&uuml;may\u0259nd\u0259l\u0259ri t\u0259r\u0259find\u0259n d\u0259 q\u0259bul edil\u0259r\u0259k onunla izahedici s&ouml;hb\u0259tl\u0259r apar\u0131l\u0131b.&nbsp;Bundan \u0259lav\u0259, ona Xidm\u0259tin psixoloqlar\u0131 t\u0259r\u0259find\u0259n psixoloji yard\u0131m g&ouml;st\u0259rilib, eyni zamanda respublikada s\u0259f\u0259rd\u0259 olan t&uuml;rkiy\u0259li psixoloqlar\u0131n S.R&uuml;st\u0259movla g&ouml;r&uuml;\u015f&uuml;n\u0259 \u015f\u0259rait yarad\u0131l\u0131b. Apar\u0131lm\u0131\u015f s&ouml;hb\u0259tl\u0259r zaman\u0131 onun psixi sa\u011flaml\u0131\u011f\u0131nda pozuntu m&uuml;\u0259yy\u0259n edilm\u0259yib, h\u0259r hans\u0131 dig\u0259r m\u0259nfi \u0259lam\u0259tl\u0259r izl\u0259nilm\u0259yib.<\/p>\n<p>S.R&uuml;st\u0259mova h\u0259m&ccedil;inin 07.12.2021-ci il tarixd\u0259 Az\u0259rbaycan Tibb Univerisitetinin professoru, tibb &uuml;zr\u0259 elml\u0259r doktoru Adil Qeybulla t\u0259r\u0259find\u0259n tibbi bax\u0131\u015f ke&ccedil;irilib, m\u0259hkumun v\u0259ziyy\u0259tinin nisbi kafi v\u0259 aktiv oldu\u011fu, &ouml;z&uuml;n&uuml; s\u0259rb\u0259st idar\u0259 etdiyi m&uuml;\u0259yy\u0259n edilib v\u0259 apar\u0131lm\u0131\u015f d\u0259st\u0259kl\u0259yici m&uuml;alic\u0259nin tam uy\u011fun oldu\u011fu t\u0259sdiq edilib.<\/p>\n<p>Qeyd ed\u0259k ki, Saleh R&uuml;st\u0259mli 2018-ci ild\u0259 saxlan\u0131l\u0131b. Cinay\u0259t M\u0259c\u0259ll\u0259sinin 192.3.2 (x&uuml;susil\u0259 k&uuml;lli miqdarda g\u0259lir \u0259ld\u0259 etm\u0259kl\u0259 qanunsuz sahibkarl\u0131q), 193-1.3.1 v\u0259 193-1.3.2-ci (m&uuml;t\u0259\u015f\u0259kkil d\u0259st\u0259 t\u0259r\u0259find\u0259n cinay\u0259t yolu il\u0259 \u0259ld\u0259 edilmi\u015f k&uuml;lli miqdarda pul v\u0259saitl\u0259rini v\u0259 ya dig\u0259r \u0259mlak\u0131 leqalla\u015fd\u0131rma) v\u0259 s. madd\u0259l\u0259ri il\u0259 t\u0259qsirli bilin\u0259r\u0259k 7 il 3 ay m&uuml;dd\u0259tin\u0259 azadl\u0131qdan m\u0259hrum edilib.<\/p>\n<p>S. R&uuml;st\u0259mli 1992-93-c&uuml; ill\u0259rd\u0259 G\u0259d\u0259b\u0259y rayonunun icra ba\u015f&ccedil;\u0131s\u0131 olub.<\/p>\n","protected":false},"excerpt":{"rendered":"<p>&quot;B\u0259zi sosial \u015f\u0259b\u0259k\u0259l\u0259rd\u0259 m\u0259hkum Saleh R&uuml;st\u0259movun s\u0259hh\u0259ti il\u0259 ba\u011fl\u0131 h\u0259qiq\u0259ti \u0259ks etdirm\u0259y\u0259n m\u0259lumatlar d\u0259rc edilib. Bununla \u0259laq\u0259dar bildirilir ki, haz\u0131rda Penitensiar xidm\u0259tin M&uuml;alic\u0259 m&uuml;\u0259ssis\u0259sind\u0259 saxlan\u0131lan G\u0259d\u0259b\u0259y Rayon \u0130cra Hakimiyy\u0259tinin sabiq&hellip;<\/p>\n","protected":false},"author":1,"featured_media":251278,"comment_status":"open","ping_status":"open","sticky":false,"template":"","format":"standard","meta":{"_lmt_disableupdate":"","_lmt_disable":"","footnotes":""},"categories":[101],"tags":[],"class_list":["post-136308","post","type-post","status-publish","format-standard","has-post-thumbnail","hentry","category-cemiyyet"],"_links":{"self":[{"href":"https:\/\/ucnoqta.az\/index.php?rest_route=\/wp\/v2\/posts\/136308","targetHints":{"allow":["GET"]}}],"collection":[{"href":"https:\/\/ucnoqta.az\/index.php?rest_route=\/wp\/v2\/posts"}],"about":[{"href":"https:\/\/ucnoqta.az\/index.php?rest_route=\/wp\/v2\/types\/post"}],"author":[{"embeddable":true,"href":"https:\/\/ucnoqta.az\/index.php?rest_route=\/wp\/v2\/users\/1"}],"replies":[{"embeddable":true,"href":"https:\/\/ucnoqta.az\/index.php?rest_route=%2Fwp%2Fv2%2Fcomments&post=136308"}],"version-history":[{"count":0,"href":"https:\/\/ucnoqta.az\/index.php?rest_route=\/wp\/v2\/posts\/136308\/revisions"}],"wp:featuredmedia":[{"embeddable":true,"href":"https:\/\/ucnoqta.az\/index.php?rest_route=\/wp\/v2\/media\/251278"}],"wp:attachment":[{"href":"https:\/\/ucnoqta.az\/index.php?rest_route=%2Fwp%2Fv2%2Fmedia&parent=136308"}],"wp:term":[{"taxonomy":"category","embeddable":true,"href":"https:\/\/ucnoqta.az\/index.php?rest_route=%2Fwp%2Fv2%2Fcategories&post=136308"},{"taxonomy":"post_tag","embeddable":true,"href":"https:\/\/ucnoqta.az\/index.php?rest_route=%2Fwp%2Fv2%2Ftags&post=136308"}],"curies":[{"name":"wp","href":"https:\/\/api.w.org\/{rel}","templated":true}]}}