{"id":136303,"date":"2021-12-09T18:58:30","date_gmt":"2021-12-09T14:58:30","guid":{"rendered":""},"modified":"-0001-11-30T00:00:00","modified_gmt":"-0001-11-29T20:00:00","slug":"","status":"publish","type":"post","link":"https:\/\/ucnoqta.az\/?p=136303","title":{"rendered":"K\u0259lb\u0259c\u0259rd\u0259 h\u0259lak olan \u0259sg\u0259rimiz\u0259 g\u00f6r\u0259 Rusiya g\u00fcnahkard\u0131r &#8211;<font color=red><b> A\u00c7IQLAMA<\/b><\/font>"},"content":{"rendered":"<p><strong>X\u0259b\u0259r verdiyimiz kimi,&nbsp;Az\u0259rbaycan-Erm\u0259nistan d&ouml;vl\u0259t s\u0259rh\u0259dinin K\u0259lb\u0259c\u0259r rayonu istiqam\u0259tind\u0259 dekabr\u0131n 8-i gec\u0259 saatlar\u0131nda Erm\u0259nistan silahl\u0131 q&uuml;vv\u0259l\u0259rinin t&ouml;r\u0259tdiyi n&ouml;vb\u0259ti t\u0259xribat n\u0259tic\u0259sind\u0259 h\u0259rbi qulluq&ccedil;umuz \u0259sg\u0259r \u018fliyev Asif Adil o\u011flu \u015f\u0259hid olub.<\/strong><\/p>\n<p>Qeyd ed\u0259k ki, noyabr\u0131n 16-da Az\u0259rbaycan-Erm\u0259nistan s\u0259rh\u0259dind\u0259 ba\u015f vermi\u015f h\u0259rbi toqqu\u015fmadan sonra ilk d\u0259f\u0259dir ki, erm\u0259nil\u0259r s\u0259rh\u0259dd\u0259 v\u0259ziyy\u0259ti g\u0259rginl\u0259\u015fdirm\u0259y\u0259 &ccedil;al\u0131\u015f\u0131r. Bel\u0259 ki, d&uuml;n\u0259n g&uuml;nd&uuml;z saatlar\u0131nda da K\u0259lb\u0259c\u0259r istiqam\u0259tind\u0259 ordumuzun b&ouml;lm\u0259l\u0259ri intensiv at\u0259\u015f\u0259 tutulmu\u015fdu.<\/p>\n<p>S\u0259rh\u0259dd\u0259 yaranm\u0131\u015f v\u0259ziyy\u0259tl\u0259 ba\u011fl\u0131&nbsp;Redaktor.az-a dan\u0131\u015fan&nbsp;h\u0259rbi ekspert &Uuml;zeyir C\u0259f\u0259rov&nbsp;t\u0259\u0259ss&uuml;fl\u0259&nbsp;bildirib ki,&nbsp;erm\u0259nil\u0259r &ouml;z h\u0259r\u0259k\u0259tl\u0259rind\u0259n \u0259l &ccedil;\u0259kmir.<\/p>\n<p>&quot;Bud\u0259f\u0259ki t\u0259xribatda da \u015f\u0259hid vermi\u015fik. Az\u0259rbaycan \u0259sg\u0259ri erm\u0259ni separat&ccedil;\u0131lar\u0131n\u0131n v\u0259 eyni zamanda onlara d\u0259st\u0259k olanlar\u0131n ucbat\u0131ndan h\u0259yat\u0131n\u0131 itirdi. Lakin bu t\u0259xribatlar g&ouml;zl\u0259nil\u0259ndir. Bu, Erm\u0259nistan t\u0259r\u0259find\u0259n t&ouml;r\u0259dil\u0259n n\u0259 birinci, n\u0259 onuncu, n\u0259 d\u0259 sonuncu t\u0259xribatd\u0131r. Ona g&ouml;r\u0259 d\u0259 biz ciddi v\u0259 t\u0259sirli add\u0131mlar atmal\u0131y\u0131q ki, erm\u0259nil\u0259r\u0259 ciddi d\u0259rs olsun. H\u0259r h\u0259ft\u0259, h\u0259r ay fasil\u0259l\u0259rl\u0259 bel\u0259 silahl\u0131 toqqu\u015fmalar&nbsp;davam edir. Onlara qar\u015f\u0131 m&uuml;nasib\u0259timizi d\u0259yi\u015fm\u0259li v\u0259 s\u0259rtl\u0259\u015fdirm\u0259liyik. Biz onlara s&uuml;lh, \u0259min-amanl\u0131q&nbsp; t\u0259klif edirik. Amma erm\u0259nil\u0259r bunu ba\u015fa d&uuml;\u015fm\u0259k ist\u0259mir. 6 g&uuml;nd\u0259n sonra Br&uuml;sseld\u0259 \u0130lham \u018fliyevl\u0259 Nikol Pa\u015finyan aras\u0131nda g&ouml;r&uuml;\u015f g&ouml;zl\u0259nilir. Y\u0259qin ki, m&uuml;zakir\u0259 &uuml;&ccedil;&uuml;n z\u0259min haz\u0131rlan\u0131r. Onlar m&ouml;vzunu bu hadis\u0259l\u0259r\u0259 &ccedil;\u0259km\u0259k v\u0259 &ouml;z bildiyini etm\u0259k ist\u0259yir. Ba\u015f ver\u0259nl\u0259r\u0259 g&ouml;r\u0259 ilk n&ouml;vb\u0259d\u0259 Rusiyan\u0131 v\u0259 beyn\u0259lxalq qurumlar\u0131 g&uuml;nahland\u0131rmaq laz\u0131md\u0131r.&nbsp;&Ccedil;&uuml;nki Rusiya s&uuml;lhm\u0259raml\u0131lar\u0131 v\u0259 Rusiya bu m\u0259s\u0259l\u0259nin sona &ccedil;atmas\u0131nda maraql\u0131 deyil. \u018fg\u0259r maraql\u0131 olsayd\u0131, bunu &ccedil;oxdan h\u0259ll ed\u0259rdi. Rusiya bunu etmir v\u0259 ba\u015f ver\u0259n hadis\u0259l\u0259r g&uuml;n&uuml;m&uuml;z&uuml;n ac\u0131 reall\u0131\u011f\u0131d\u0131r&quot;.<\/p>\n<p>H\u0259rbi ekspert Abuz\u0259r \u018fbilov&nbsp;bildirib ki, biz d&ouml;y&uuml;\u015f&uuml; qazanm\u0131\u015f\u0131q, lakin m&uuml;harib\u0259 h\u0259l\u0259 d\u0259 davam edir:<\/p>\n<p>&quot;Hesab edir\u0259m ki, bu m&uuml;harib\u0259 h\u0259l\u0259 bir m&uuml;dd\u0259t d\u0259 davam ed\u0259c\u0259k. Bu t\u0259xribatlar o vaxta q\u0259d\u0259r davam ed\u0259c\u0259k ki, Az\u0259rbaycan ordusu Erm\u0259nistana m\u0259xsus&nbsp;silahl\u0131 q&uuml;vv\u0259l\u0259ri&nbsp;\u0259razimizd\u0259n &ccedil;\u0131xaracaq v\u0259 Rusiya s&uuml;lhm\u0259raml\u0131 q&uuml;vv\u0259l\u0259ri &ouml;z funksiyalar\u0131n\u0131 yerin\u0259 yetir\u0259c\u0259k. Beyn\u0259lxalq h&uuml;quqa \u0259sas\u0259n \u0259razimizd\u0259 olan qeyri-qanuni silahl\u0131 q&uuml;vv\u0259l\u0259r t\u0259rksilah olunmal\u0131 v\u0259 \u0259g\u0259r onlar silahl\u0131 m&uuml;qavim\u0259t g&ouml;st\u0259r\u0259rs\u0259, yerind\u0259c\u0259 m\u0259hv edilm\u0259lidir. Biz bunlar\u0131 Bosniya m&uuml;harib\u0259sind\u0259 beyn\u0259lxalq s&uuml;lh yaratma&nbsp;t\u0259cr&uuml;b\u0259sind\u0259 g&ouml;rd&uuml;k. T\u0259\u0259ss&uuml;f ki, Az\u0259rbaycanda yerl\u0259\u015fdiril\u0259n Rusiya s&uuml;lhm\u0259raml\u0131 q&uuml;vv\u0259l\u0259rinin missiyas\u0131nda buna rast g\u0259lmirik. &Ccedil;&uuml;nki yax\u0131n g&uuml;nl\u0259rd\u0259 Az\u0259rbaycan \u0259sg\u0259rin\u0259 t\u0259xribat t&ouml;r\u0259tmi\u015f terror&ccedil;u z\u0259r\u0259rsizl\u0259\u015fdirils\u0259 d\u0259, Erm\u0259nistan&nbsp;t\u0259r\u0259fin\u0259 verildi. B&uuml;t&uuml;n bunlar Erm\u0259nistan c\u0259miyy\u0259tind\u0259, erm\u0259ni terror&ccedil;ular\u0131nda v\u0259 revan\u015fist q&uuml;vv\u0259l\u0259r\u0259 daha &ccedil;ox inam verir v\u0259 onlar bel\u0259 t\u0259xribatlar\u0131n\u0131 davam etdirir. Erm\u0259nistan\u0131n Ba\u015f naziri Nikol Pa\u015finyan\u0131n apard\u0131\u011f\u0131 siyas\u0259td\u0259 ikili m\u0259qamllar var. &Ccedil;&uuml;nki raz\u0131la\u015fmalar \u0259ld\u0259 oluanandan sonra onun m&uuml;dd\u0259alar\u0131na \u0259m\u0259l edilmir. Yaddan &ccedil;\u0131xarmaq laz\u0131m deyil ki, Erm\u0259nistanda bug&uuml;nk&uuml; hakimiyy\u0259t orduya n\u0259zar\u0259t etmir. Orada m&uuml;xt\u0259lif siyasi partiyalara qulluq ed\u0259n onlarla h\u0259mfikir olan komandirl\u0259r var. El\u0259 M&uuml;dafi\u0259 Nazirliyinin &ouml;z&uuml;nd\u0259 d\u0259 bo\u015fluq var. Erm\u0259nistan\u0131n daxilind\u0259 v\u0259 xaricind\u0259 olan q&uuml;vv\u0259l\u0259r bu bo\u015fluqdan m\u0259har\u0259tl\u0259 istifad\u0259 edir. Bunun n\u0259tic\u0259sidir ki, yax\u0131n g&uuml;nl\u0259rd\u0259 K\u0259lb\u0259c\u0259r, La&ccedil;\u0131nda silahl\u0131 toqqu\u015fmalar yenid\u0259n v&uuml;s\u0259t al\u0131b v\u0259 d&uuml;n\u0259n bir \u0259sg\u0259rimiz \u015f\u0259hid olub&quot;.&nbsp;<\/p>\n<p>Ekspert bildirib ki,&nbsp;revan\u015fizm arzusunda olan erm\u0259nil\u0259r &uuml;&ccedil;&uuml;n ciddi mesaj verm\u0259liyik:<\/p>\n<p>&quot;B&uuml;t&uuml;n t\u0259xribatlar\u0131n v\u0259 silahl\u0131 toqqu\u015fmalar\u0131n arxas\u0131nda \u0259razid\u0259 m&uuml;harib\u0259nin yenid\u0259n alovlanma&nbsp;v\u0259 Erm\u0259nistan silahl\u0131 q&uuml;vv\u0259l\u0259rinin ir\u0259lilm\u0259 arzusu var.&nbsp;Bu toqqu\u015fmalar daxild\u0259 v\u0259 xaricd\u0259 olan revan\u015fist q&uuml;vv\u0259l\u0259rin i\u015fidir. Onlar Erm\u0259nistan ordusunun n\u0259y\u0259s\u0259 qadir oldu\u011funu g&ouml;st\u0259rm\u0259k v\u0259 Qaraba\u011fda itirdikl\u0259ri m&ouml;vqel\u0259ri yenid\u0259n \u0259ld\u0259 etm\u0259k ist\u0259yirl\u0259r. H\u0259min q&uuml;vv\u0259l\u0259r &ldquo;B&ouml;y&uuml;k Erm\u0259nistan&rdquo; ideyas\u0131n\u0131 realla\u015fd\u0131rmaq ist\u0259yir. Onlar t\u0259kc\u0259 Az\u0259rbaycan\u0131n deyil, dig\u0259r qon\u015fu &ouml;lk\u0259l\u0259rin d\u0259 \u0259razisini q\u0259sb etm\u0259k arzusundad\u0131r. Buna g&ouml;r\u0259 d\u0259 yax\u0131n g&uuml;nl\u0259rd\u0259 daha ciddi v\u0259 a\u011f\u0131r cavab verilm\u0259lidir. Biz g&ouml;zl\u0259y\u0259 bilm\u0259rik ki, h\u0259r d\u0259f\u0259 hans\u0131sa dan\u0131\u015f\u0131qlardan sonra Erm\u0259nistan siyasi r\u0259hb\u0259rliyinin siyasi irad\u0259sinin z\u0259ifliyin\u0259 g&ouml;r\u0259 \u0259sg\u0259rl\u0259rimiz \u015f\u0259hid olsun. Bunun qar\u015f\u0131s\u0131n\u0131 almaq &uuml;&ccedil;&uuml;n yax\u0131n g&uuml;nl\u0259rd\u0259 \u0259razid\u0259 anti-terror \u0259m\u0259liyyat\u0131 ba\u015flad\u0131lmal\u0131 v\u0259 bu \u0259m\u0259liyyat revan\u015fizm arzusunda olan erm\u0259nil\u0259r &uuml;&ccedil;&uuml;n ciddi mesaj olmal\u0131d\u0131r&rdquo;.<\/p>\n<p>&nbsp;<\/p>\n","protected":false},"excerpt":{"rendered":"<p>X\u0259b\u0259r verdiyimiz kimi,&nbsp;Az\u0259rbaycan-Erm\u0259nistan d&ouml;vl\u0259t s\u0259rh\u0259dinin K\u0259lb\u0259c\u0259r rayonu istiqam\u0259tind\u0259 dekabr\u0131n 8-i gec\u0259 saatlar\u0131nda Erm\u0259nistan silahl\u0131 q&uuml;vv\u0259l\u0259rinin t&ouml;r\u0259tdiyi n&ouml;vb\u0259ti t\u0259xribat n\u0259tic\u0259sind\u0259 h\u0259rbi qulluq&ccedil;umuz \u0259sg\u0259r \u018fliyev Asif Adil o\u011flu \u015f\u0259hid olub. Qeyd ed\u0259k&hellip;<\/p>\n","protected":false},"author":1,"featured_media":251278,"comment_status":"open","ping_status":"open","sticky":false,"template":"","format":"standard","meta":{"_lmt_disableupdate":"","_lmt_disable":"","footnotes":""},"categories":[],"tags":[],"class_list":["post-136303","post","type-post","status-publish","format-standard","has-post-thumbnail","hentry"],"_links":{"self":[{"href":"https:\/\/ucnoqta.az\/index.php?rest_route=\/wp\/v2\/posts\/136303","targetHints":{"allow":["GET"]}}],"collection":[{"href":"https:\/\/ucnoqta.az\/index.php?rest_route=\/wp\/v2\/posts"}],"about":[{"href":"https:\/\/ucnoqta.az\/index.php?rest_route=\/wp\/v2\/types\/post"}],"author":[{"embeddable":true,"href":"https:\/\/ucnoqta.az\/index.php?rest_route=\/wp\/v2\/users\/1"}],"replies":[{"embeddable":true,"href":"https:\/\/ucnoqta.az\/index.php?rest_route=%2Fwp%2Fv2%2Fcomments&post=136303"}],"version-history":[{"count":0,"href":"https:\/\/ucnoqta.az\/index.php?rest_route=\/wp\/v2\/posts\/136303\/revisions"}],"wp:featuredmedia":[{"embeddable":true,"href":"https:\/\/ucnoqta.az\/index.php?rest_route=\/wp\/v2\/media\/251278"}],"wp:attachment":[{"href":"https:\/\/ucnoqta.az\/index.php?rest_route=%2Fwp%2Fv2%2Fmedia&parent=136303"}],"wp:term":[{"taxonomy":"category","embeddable":true,"href":"https:\/\/ucnoqta.az\/index.php?rest_route=%2Fwp%2Fv2%2Fcategories&post=136303"},{"taxonomy":"post_tag","embeddable":true,"href":"https:\/\/ucnoqta.az\/index.php?rest_route=%2Fwp%2Fv2%2Ftags&post=136303"}],"curies":[{"name":"wp","href":"https:\/\/api.w.org\/{rel}","templated":true}]}}