{"id":136301,"date":"2021-12-09T18:32:21","date_gmt":"2021-12-09T14:32:21","guid":{"rendered":""},"modified":"-0001-11-30T00:00:00","modified_gmt":"-0001-11-29T20:00:00","slug":"","status":"publish","type":"post","link":"https:\/\/ucnoqta.az\/?p=136301","title":{"rendered":"Nazir avtobus s\u00fcr\u0259n direktoru i\u015fd\u0259n \u00e7\u0131xard\u0131"},"content":{"rendered":"<p><strong>&quot;BakuBus&quot;a aid avtobusun s&uuml;kan\u0131 arxas\u0131ndan payla\u015fd\u0131\u011f\u0131 \u015f\u0259kill\u0259rd\u0259n sonra g&uuml;nd\u0259m\u0259 g\u0259l\u0259n Saatl\u0131 rayonu, Yeni Novruzlu k\u0259nd tam orta m\u0259kt\u0259binin direktroru Elnur Rzayev v\u0259zif\u0259sind\u0259n azad edilibmi\u015f.<\/strong><\/p>\n<p>Qaynarinfo-nun \u0259ld\u0259 etdiyi m\u0259lumata g&ouml;r\u0259, T\u0259hsil naziri Emin \u018fmrullayevin \u0259mri il\u0259 bir m&uuml;dd\u0259t \u0259vv\u0259l Elnur Rzayev v\u0259zif\u0259sind\u0259n azad olunub v\u0259 yerin\u0259 \u018flih&uuml;seyn H\u0259s\u0259nov t\u0259yin olunub.<\/p>\n<p>Elnur Rzayev sayt\u0131m\u0131za a&ccedil;\u0131qlamas\u0131nda haz\u0131rda Bak\u0131da mebel \u015firk\u0259tind\u0259 &ccedil;al\u0131\u015fd\u0131\u011f\u0131n\u0131 deyib.<\/p>\n<p>Qeyd ed\u0259k ki, &ouml;t\u0259n ilin yay\u0131nda sabiq m\u0259kt\u0259b direktoru Elnur Rzayev &quot;BakuBus&quot; avtobusunun s&uuml;kan\u0131 arxas\u0131nda \u015f\u0259kil &ccedil;\u0259k\u0259r\u0259k sosial \u015f\u0259b\u0259k\u0259l\u0259rd\u0259 payla\u015f\u0131m edib v\u0259 m\u0259zuniyy\u0259t vaxt\u0131 avtobus s&uuml;r&uuml;c&uuml;s&uuml; i\u015fl\u0259diyini demi\u015fdi. Bu b&ouml;y&uuml;k s\u0259s-k&uuml;y\u0259 s\u0259b\u0259b olmu\u015fdu.&nbsp;<\/p>\n<p>&nbsp;<br \/>\nHadis\u0259d\u0259n sonra T\u0259hsil naziri Emin \u018fmrullayevin \u0259mri il\u0259 Elnur Rzayev\u0259 t&ouml;hm\u0259t verilmi\u015fdi.<\/p>\n","protected":false},"excerpt":{"rendered":"<p>&quot;BakuBus&quot;a aid avtobusun s&uuml;kan\u0131 arxas\u0131ndan payla\u015fd\u0131\u011f\u0131 \u015f\u0259kill\u0259rd\u0259n sonra g&uuml;nd\u0259m\u0259 g\u0259l\u0259n Saatl\u0131 rayonu, Yeni Novruzlu k\u0259nd tam orta m\u0259kt\u0259binin direktroru Elnur Rzayev v\u0259zif\u0259sind\u0259n azad edilibmi\u015f. Qaynarinfo-nun \u0259ld\u0259 etdiyi m\u0259lumata g&ouml;r\u0259, T\u0259hsil&hellip;<\/p>\n","protected":false},"author":1,"featured_media":251278,"comment_status":"open","ping_status":"open","sticky":false,"template":"","format":"standard","meta":{"_lmt_disableupdate":"","_lmt_disable":"","footnotes":""},"categories":[101],"tags":[],"class_list":["post-136301","post","type-post","status-publish","format-standard","has-post-thumbnail","hentry","category-cemiyyet"],"_links":{"self":[{"href":"https:\/\/ucnoqta.az\/index.php?rest_route=\/wp\/v2\/posts\/136301","targetHints":{"allow":["GET"]}}],"collection":[{"href":"https:\/\/ucnoqta.az\/index.php?rest_route=\/wp\/v2\/posts"}],"about":[{"href":"https:\/\/ucnoqta.az\/index.php?rest_route=\/wp\/v2\/types\/post"}],"author":[{"embeddable":true,"href":"https:\/\/ucnoqta.az\/index.php?rest_route=\/wp\/v2\/users\/1"}],"replies":[{"embeddable":true,"href":"https:\/\/ucnoqta.az\/index.php?rest_route=%2Fwp%2Fv2%2Fcomments&post=136301"}],"version-history":[{"count":0,"href":"https:\/\/ucnoqta.az\/index.php?rest_route=\/wp\/v2\/posts\/136301\/revisions"}],"wp:featuredmedia":[{"embeddable":true,"href":"https:\/\/ucnoqta.az\/index.php?rest_route=\/wp\/v2\/media\/251278"}],"wp:attachment":[{"href":"https:\/\/ucnoqta.az\/index.php?rest_route=%2Fwp%2Fv2%2Fmedia&parent=136301"}],"wp:term":[{"taxonomy":"category","embeddable":true,"href":"https:\/\/ucnoqta.az\/index.php?rest_route=%2Fwp%2Fv2%2Fcategories&post=136301"},{"taxonomy":"post_tag","embeddable":true,"href":"https:\/\/ucnoqta.az\/index.php?rest_route=%2Fwp%2Fv2%2Ftags&post=136301"}],"curies":[{"name":"wp","href":"https:\/\/api.w.org\/{rel}","templated":true}]}}