{"id":136291,"date":"2021-12-09T17:07:46","date_gmt":"2021-12-09T13:07:46","guid":{"rendered":""},"modified":"-0001-11-30T00:00:00","modified_gmt":"-0001-11-29T20:00:00","slug":"","status":"publish","type":"post","link":"https:\/\/ucnoqta.az\/?p=136291","title":{"rendered":"Prezident s\u0259r\u0259ncam imzalad\u0131 &#8211; <font color=red><b>1 milyon manat ayr\u0131ld\u0131<\/b><\/font>"},"content":{"rendered":"<p><strong>Prezident \u0130lham \u018fliyev 2022-ci ild\u0259 n&ouml;vb\u0259ti &ldquo;Y&uuml;ks\u0259li\u015f&rdquo; m&uuml;sabiq\u0259sinin ke&ccedil;irilm\u0259si il\u0259 ba\u011fl\u0131 t\u0259dbirl\u0259r v\u0259 &ldquo;Y&uuml;ks\u0259li\u015f&rdquo; m&uuml;sabiq\u0259sinin t\u0259sis edilm\u0259si haqq\u0131nda&rdquo; Az\u0259rbaycan Respublikas\u0131 Prezidentinin 2019-cu il 26 iyul tarixli 1354 n&ouml;mr\u0259li S\u0259r\u0259ncam\u0131nda d\u0259yi\u015fiklik edilm\u0259si bar\u0259d\u0259 S\u0259r\u0259ncam imzalay\u0131b.<\/strong><\/p>\n<p>S\u0259r\u0259ncamla 2022-ci ild\u0259 n&ouml;vb\u0259ti &ldquo;Y&uuml;ks\u0259li\u015f&rdquo; m&uuml;sabiq\u0259sinin ke&ccedil;irilm\u0259si il\u0259 ba\u011fl\u0131 cari i\u015fl\u0259rin g&ouml;r&uuml;lm\u0259si &uuml;&ccedil;&uuml;n Az\u0259rbaycan Respublikas\u0131n\u0131n 2021-ci il d&ouml;vl\u0259t b&uuml;dc\u0259sind\u0259 n\u0259z\u0259rd\u0259 tutulmu\u015f Az\u0259rbaycan Respublikas\u0131 Prezidentinin ehtiyat fondundan Az\u0259rbaycan Respublikas\u0131n\u0131n G\u0259ncl\u0259r v\u0259 \u0130dman Nazirliyin\u0259 bir milyon manat ayr\u0131l\u0131b.<\/p>\n<p>Maliyy\u0259 Nazirliyi bu S\u0259r\u0259ncam\u0131n 1-ci hiss\u0259sind\u0259 n\u0259z\u0259rd\u0259 tutulan maliyy\u0259l\u0259\u015fm\u0259ni t\u0259min etm\u0259li, Az\u0259rbaycan Respublikas\u0131 Prezidentinin 2019-cu il 26 iyul tarixli 1354 n&ouml;mr\u0259li S\u0259r\u0259ncam\u0131 il\u0259 yarad\u0131lm\u0131\u015f T\u0259\u015fkilat Komit\u0259si bu S\u0259r\u0259ncamdan ir\u0259li g\u0259l\u0259n m\u0259s\u0259l\u0259l\u0259ri h\u0259ll etm\u0259lidir.<\/p>\n<p>&ldquo;Y&uuml;ks\u0259li\u015f&rdquo; m&uuml;sabiq\u0259sinin t\u0259sis edilm\u0259si haqq\u0131nda&rdquo; Az\u0259rbaycan Respublikas\u0131 Prezidentinin 2019-cu il 26 iyul tarixli 1354 n&ouml;mr\u0259li S\u0259r\u0259ncam\u0131n\u0131n (Az\u0259rbaycan Respublikas\u0131n\u0131n Qanunvericilik Toplusu, 2019, \u2116 7, madd\u0259 1293) 2-ci hiss\u0259si il\u0259 yarad\u0131lm\u0131\u015f T\u0259\u015fkilat Komit\u0259sinin t\u0259rkibi a\u015fa\u011f\u0131dak\u0131 redaksiyada verilib:<\/p>\n<p>&ldquo;T\u0259\u015fkilat Komit\u0259sinin s\u0259dri<\/p>\n<p>F\u0259r\u0259h \u018fliyeva &#8211; Az\u0259rbaycan Respublikas\u0131 Prezidentinin Administrasiyas\u0131n\u0131n Humanitar siyas\u0259t, diaspor, multikulturalizm v\u0259 dini&nbsp;m\u0259s\u0259l\u0259l\u0259r \u015f&ouml;b\u0259sinin m&uuml;diri<\/p>\n<p>T\u0259\u015fkilat Komit\u0259sinin &uuml;zvl\u0259ri<\/p>\n<p>Anar \u018fl\u0259kb\u0259rov &#8211; Az\u0259rbaycan Respublikas\u0131 Prezidentinin k&ouml;m\u0259k&ccedil;isi<\/p>\n<p>F\u0259rid Qay\u0131bov &#8211; Az\u0259rbaycan Respublikas\u0131n\u0131n g\u0259ncl\u0259r v\u0259 idman naziri<\/p>\n<p>Mikay\u0131l Cabbarov &#8211; Az\u0259rbaycan Respublikas\u0131n\u0131n iqtisadiyyat naziri<\/p>\n<p>Emin \u018fmrullayev &#8211; Az\u0259rbaycan Respublikas\u0131n\u0131n t\u0259hsil naziri<\/p>\n<p>Ceyhun Bayramov &#8211; Az\u0259rbaycan Respublikas\u0131n\u0131n xarici i\u015fl\u0259r naziri<\/p>\n<p>Sahil Babayev &#8211; Az\u0259rbaycan Respublikas\u0131n\u0131n \u0259m\u0259k v\u0259 \u0259halinin sosial&nbsp;m&uuml;dafi\u0259si naziri<\/p>\n<p>M\u0259leyk\u0259 Abbaszad\u0259 &#8211; Az\u0259rbaycan Respublikas\u0131 D&ouml;vl\u0259t \u0130mtahan M\u0259rk\u0259zinin&nbsp;Direktorlar \u015euras\u0131n\u0131n s\u0259dri<\/p>\n<p>&Uuml;lvi Quliyev &#8211; Az\u0259rbaycan Respublikas\u0131 Milli M\u0259clisinin deputat\u0131<\/p>\n<p>Balaki\u015fi Qas\u0131mov &#8211; \u0130ctimai Televiziya v\u0259 Radio Yay\u0131mlar\u0131 \u015eirk\u0259tinin ba\u015f&nbsp;direktoru.&rdquo;.<\/p>\n<p>&nbsp;<\/p>\n","protected":false},"excerpt":{"rendered":"<p>Prezident \u0130lham \u018fliyev 2022-ci ild\u0259 n&ouml;vb\u0259ti &ldquo;Y&uuml;ks\u0259li\u015f&rdquo; m&uuml;sabiq\u0259sinin ke&ccedil;irilm\u0259si il\u0259 ba\u011fl\u0131 t\u0259dbirl\u0259r v\u0259 &ldquo;Y&uuml;ks\u0259li\u015f&rdquo; m&uuml;sabiq\u0259sinin t\u0259sis edilm\u0259si haqq\u0131nda&rdquo; Az\u0259rbaycan Respublikas\u0131 Prezidentinin 2019-cu il 26 iyul tarixli 1354 n&ouml;mr\u0259li S\u0259r\u0259ncam\u0131nda d\u0259yi\u015fiklik&hellip;<\/p>\n","protected":false},"author":1,"featured_media":251278,"comment_status":"open","ping_status":"open","sticky":false,"template":"","format":"standard","meta":{"_lmt_disableupdate":"","_lmt_disable":"","footnotes":""},"categories":[],"tags":[],"class_list":["post-136291","post","type-post","status-publish","format-standard","has-post-thumbnail","hentry"],"_links":{"self":[{"href":"https:\/\/ucnoqta.az\/index.php?rest_route=\/wp\/v2\/posts\/136291","targetHints":{"allow":["GET"]}}],"collection":[{"href":"https:\/\/ucnoqta.az\/index.php?rest_route=\/wp\/v2\/posts"}],"about":[{"href":"https:\/\/ucnoqta.az\/index.php?rest_route=\/wp\/v2\/types\/post"}],"author":[{"embeddable":true,"href":"https:\/\/ucnoqta.az\/index.php?rest_route=\/wp\/v2\/users\/1"}],"replies":[{"embeddable":true,"href":"https:\/\/ucnoqta.az\/index.php?rest_route=%2Fwp%2Fv2%2Fcomments&post=136291"}],"version-history":[{"count":0,"href":"https:\/\/ucnoqta.az\/index.php?rest_route=\/wp\/v2\/posts\/136291\/revisions"}],"wp:featuredmedia":[{"embeddable":true,"href":"https:\/\/ucnoqta.az\/index.php?rest_route=\/wp\/v2\/media\/251278"}],"wp:attachment":[{"href":"https:\/\/ucnoqta.az\/index.php?rest_route=%2Fwp%2Fv2%2Fmedia&parent=136291"}],"wp:term":[{"taxonomy":"category","embeddable":true,"href":"https:\/\/ucnoqta.az\/index.php?rest_route=%2Fwp%2Fv2%2Fcategories&post=136291"},{"taxonomy":"post_tag","embeddable":true,"href":"https:\/\/ucnoqta.az\/index.php?rest_route=%2Fwp%2Fv2%2Ftags&post=136291"}],"curies":[{"name":"wp","href":"https:\/\/api.w.org\/{rel}","templated":true}]}}