{"id":136290,"date":"2021-12-09T16:46:41","date_gmt":"2021-12-09T12:46:41","guid":{"rendered":""},"modified":"-0001-11-30T00:00:00","modified_gmt":"-0001-11-29T20:00:00","slug":"","status":"publish","type":"post","link":"https:\/\/ucnoqta.az\/?p=136290","title":{"rendered":"Prezident \u0130lham \u018fliyev Almaniyan\u0131n yeni Kanslerini t\u0259brik edib"},"content":{"rendered":"<p><strong>Az\u0259rbaycan Prezidenti \u0130lham \u018fliyev Almaniya Federativ Respublikas\u0131n\u0131n Federal Kansleri Olaf \u015eoltsa t\u0259brik m\u0259ktubu &uuml;nvanlay\u0131b.<\/strong><\/p>\n<p>Ucnoqta.az x\u0259b\u0259r verir ki, t\u0259brik m\u0259ktubunda deyilir:<\/p>\n<p>&ldquo;H&ouml;rm\u0259tli c\u0259nab Federal Kansler,<\/p>\n<p>Almaniya Federativ Respublikas\u0131n\u0131n Federal Kansleri kimi f\u0259aliyy\u0259t\u0259 ba\u015flama\u011f\u0131n\u0131z m&uuml;nasib\u0259til\u0259 Sizi s\u0259mimiyy\u0259tl\u0259 t\u0259brik edir v\u0259 \u0259n xo\u015f arzular\u0131m\u0131 yetirir\u0259m.<\/p>\n<p>Biz Az\u0259rbaycan il\u0259 Almaniya aras\u0131ndak\u0131 dostluq v\u0259 \u0259m\u0259kda\u015fl\u0131q \u0259laq\u0259l\u0259rinin inki\u015faf\u0131na x&uuml;susi \u0259h\u0259miyy\u0259t veririk. Siyasi, iqtisadi v\u0259 m\u0259d\u0259ni sah\u0259l\u0259rd\u0259 s\u0259m\u0259r\u0259li \u0259m\u0259kda\u015fl\u0131\u011f\u0131m\u0131z d&ouml;vl\u0259tl\u0259raras\u0131 m&uuml;nasib\u0259tl\u0259rimizi s\u0259ciyy\u0259l\u0259ndir\u0259n m&uuml;h&uuml;m amill\u0259rd\u0259ndir.<\/p>\n<p>\u0130nan\u0131ram ki, g\u0259l\u0259n il diplomatik \u0259laq\u0259l\u0259rin qurulmas\u0131n\u0131n 30 illiyini qeyd ed\u0259c\u0259k &ouml;lk\u0259l\u0259rimiz aras\u0131nda m&uuml;nasib\u0259tl\u0259r xalqlar\u0131m\u0131z\u0131n m\u0259nafel\u0259rin\u0259 uy\u011fun olaraq bundan sonra da inki\u015faf ed\u0259c\u0259k v\u0259 geni\u015fl\u0259n\u0259c\u0259kdir.<\/p>\n<p>Siz\u0259 m&ouml;hk\u0259m cansa\u011fl\u0131\u011f\u0131, xo\u015fb\u0259xtlik, dost Almaniya xalq\u0131n\u0131n rifah\u0131 namin\u0259 qar\u015f\u0131dak\u0131 m\u0259sul f\u0259aliyy\u0259tinizd\u0259 u\u011furlar dil\u0259yir\u0259m&rdquo;.<\/p>\n","protected":false},"excerpt":{"rendered":"<p>Az\u0259rbaycan Prezidenti \u0130lham \u018fliyev Almaniya Federativ Respublikas\u0131n\u0131n Federal Kansleri Olaf \u015eoltsa t\u0259brik m\u0259ktubu &uuml;nvanlay\u0131b. Ucnoqta.az x\u0259b\u0259r verir ki, t\u0259brik m\u0259ktubunda deyilir: &ldquo;H&ouml;rm\u0259tli c\u0259nab Federal Kansler, Almaniya Federativ Respublikas\u0131n\u0131n Federal Kansleri&hellip;<\/p>\n","protected":false},"author":1,"featured_media":251278,"comment_status":"open","ping_status":"open","sticky":false,"template":"","format":"standard","meta":{"_lmt_disableupdate":"","_lmt_disable":"","footnotes":""},"categories":[],"tags":[],"class_list":["post-136290","post","type-post","status-publish","format-standard","has-post-thumbnail","hentry"],"_links":{"self":[{"href":"https:\/\/ucnoqta.az\/index.php?rest_route=\/wp\/v2\/posts\/136290","targetHints":{"allow":["GET"]}}],"collection":[{"href":"https:\/\/ucnoqta.az\/index.php?rest_route=\/wp\/v2\/posts"}],"about":[{"href":"https:\/\/ucnoqta.az\/index.php?rest_route=\/wp\/v2\/types\/post"}],"author":[{"embeddable":true,"href":"https:\/\/ucnoqta.az\/index.php?rest_route=\/wp\/v2\/users\/1"}],"replies":[{"embeddable":true,"href":"https:\/\/ucnoqta.az\/index.php?rest_route=%2Fwp%2Fv2%2Fcomments&post=136290"}],"version-history":[{"count":0,"href":"https:\/\/ucnoqta.az\/index.php?rest_route=\/wp\/v2\/posts\/136290\/revisions"}],"wp:featuredmedia":[{"embeddable":true,"href":"https:\/\/ucnoqta.az\/index.php?rest_route=\/wp\/v2\/media\/251278"}],"wp:attachment":[{"href":"https:\/\/ucnoqta.az\/index.php?rest_route=%2Fwp%2Fv2%2Fmedia&parent=136290"}],"wp:term":[{"taxonomy":"category","embeddable":true,"href":"https:\/\/ucnoqta.az\/index.php?rest_route=%2Fwp%2Fv2%2Fcategories&post=136290"},{"taxonomy":"post_tag","embeddable":true,"href":"https:\/\/ucnoqta.az\/index.php?rest_route=%2Fwp%2Fv2%2Ftags&post=136290"}],"curies":[{"name":"wp","href":"https:\/\/api.w.org\/{rel}","templated":true}]}}