{"id":136286,"date":"2021-12-09T16:06:38","date_gmt":"2021-12-09T12:06:38","guid":{"rendered":""},"modified":"-0001-11-30T00:00:00","modified_gmt":"-0001-11-29T20:00:00","slug":"","status":"publish","type":"post","link":"https:\/\/ucnoqta.az\/?p=136286","title":{"rendered":"T\u00fcrkiy\u0259nin h\u0259rbi atta\u015fesi Nax\u00e7\u0131vana s\u0259f\u0259r edib"},"content":{"rendered":"<p><strong>Dekabr\u0131n 9-da Nax&ccedil;\u0131van Muxtar Respublikas\u0131 Ali M\u0259clisinin S\u0259dri Vasif Tal\u0131bov T&uuml;rkiy\u0259 Silahl\u0131 Q&uuml;vv\u0259l\u0259rinin Az\u0259rbaycandak\u0131 h\u0259rbi atta\u015fesi general-mayor Z\u0259k\u0259riy\u0259 Yal&ccedil;\u0131nla g&ouml;r&uuml;\u015f&uuml;b.<\/strong><\/p>\n<p>&nbsp;Ali M\u0259clisin S\u0259dri yeni v\u0259zif\u0259y\u0259 t\u0259yin olunmas\u0131 m&uuml;nasib\u0259til\u0259 qona\u011f\u0131 t\u0259brik edib, Az\u0259rbaycan-T&uuml;rkiy\u0259 m&uuml;nasib\u0259tl\u0259rinin h\u0259rbi sah\u0259d\u0259 u\u011furla davam etdirildiyini diqq\u0259t\u0259 &ccedil;atd\u0131r\u0131b. \u0130kinci Qaraba\u011f m&uuml;harib\u0259sinin qazan\u0131lmas\u0131nda T&uuml;rkiy\u0259nin tutdu\u011fu \u0259dal\u0259tli m&ouml;vqed\u0259n v\u0259 T&uuml;rkiy\u0259 Silahl\u0131 Q&uuml;vv\u0259l\u0259rinin Nax&ccedil;\u0131van Muxtar Respublikas\u0131nda ordu quruculu\u011fu sah\u0259sind\u0259ki rolundan b\u0259hs ed\u0259n Ali M\u0259clisin S\u0259dri bunu dostluq v\u0259 qarda\u015fl\u0131q \u0259laq\u0259l\u0259rinin n\u0259tic\u0259si kimi d\u0259y\u0259rl\u0259ndirib, \u0259laq\u0259l\u0259rin bundan sonra da inki\u015faf ed\u0259c\u0259yini vur\u011fulay\u0131b.<\/p>\n<p>T&uuml;rkiy\u0259 Silahl\u0131 Q&uuml;vv\u0259l\u0259rinin Az\u0259rbaycandak\u0131 h\u0259rbi atta\u015fesi general-mayor Z\u0259k\u0259riy\u0259 Yal&ccedil;\u0131n s\u0259mimi q\u0259bula g&ouml;r\u0259 minn\u0259tdarl\u0131q edib, dost v\u0259 qarda\u015f &ouml;lk\u0259 olan Az\u0259rbaycan\u0131n Nax&ccedil;\u0131van Muxtar Respublikas\u0131nda olmaqdan m\u0259mnunlu\u011funu bildirib. Z\u0259k\u0259riy\u0259 Yal&ccedil;\u0131n bu g&uuml;n &ouml;lk\u0259 Prezidentl\u0259ri t\u0259r\u0259find\u0259n qarda\u015fl\u0131q m&uuml;nasib\u0259tl\u0259rinin daha da inki\u015faf etdirildiyini v\u0259 h\u0259rbi sah\u0259d\u0259 \u0259m\u0259kda\u015fl\u0131\u011f\u0131n geni\u015fl\u0259ndirilm\u0259sind\u0259 s\u0259yl\u0259rini art\u0131raca\u011f\u0131n\u0131 qeyd edib.<\/p>\n<p>Sonda xatir\u0259 \u015f\u0259kli &ccedil;\u0259kdirilib.\/\/\/apa<\/p>\n","protected":false},"excerpt":{"rendered":"<p>Dekabr\u0131n 9-da Nax&ccedil;\u0131van Muxtar Respublikas\u0131 Ali M\u0259clisinin S\u0259dri Vasif Tal\u0131bov T&uuml;rkiy\u0259 Silahl\u0131 Q&uuml;vv\u0259l\u0259rinin Az\u0259rbaycandak\u0131 h\u0259rbi atta\u015fesi general-mayor Z\u0259k\u0259riy\u0259 Yal&ccedil;\u0131nla g&ouml;r&uuml;\u015f&uuml;b. &nbsp;Ali M\u0259clisin S\u0259dri yeni v\u0259zif\u0259y\u0259 t\u0259yin olunmas\u0131 m&uuml;nasib\u0259til\u0259 qona\u011f\u0131 t\u0259brik&hellip;<\/p>\n","protected":false},"author":1,"featured_media":251278,"comment_status":"open","ping_status":"open","sticky":false,"template":"","format":"standard","meta":{"_lmt_disableupdate":"","_lmt_disable":"","footnotes":""},"categories":[],"tags":[],"class_list":["post-136286","post","type-post","status-publish","format-standard","has-post-thumbnail","hentry"],"_links":{"self":[{"href":"https:\/\/ucnoqta.az\/index.php?rest_route=\/wp\/v2\/posts\/136286","targetHints":{"allow":["GET"]}}],"collection":[{"href":"https:\/\/ucnoqta.az\/index.php?rest_route=\/wp\/v2\/posts"}],"about":[{"href":"https:\/\/ucnoqta.az\/index.php?rest_route=\/wp\/v2\/types\/post"}],"author":[{"embeddable":true,"href":"https:\/\/ucnoqta.az\/index.php?rest_route=\/wp\/v2\/users\/1"}],"replies":[{"embeddable":true,"href":"https:\/\/ucnoqta.az\/index.php?rest_route=%2Fwp%2Fv2%2Fcomments&post=136286"}],"version-history":[{"count":0,"href":"https:\/\/ucnoqta.az\/index.php?rest_route=\/wp\/v2\/posts\/136286\/revisions"}],"wp:featuredmedia":[{"embeddable":true,"href":"https:\/\/ucnoqta.az\/index.php?rest_route=\/wp\/v2\/media\/251278"}],"wp:attachment":[{"href":"https:\/\/ucnoqta.az\/index.php?rest_route=%2Fwp%2Fv2%2Fmedia&parent=136286"}],"wp:term":[{"taxonomy":"category","embeddable":true,"href":"https:\/\/ucnoqta.az\/index.php?rest_route=%2Fwp%2Fv2%2Fcategories&post=136286"},{"taxonomy":"post_tag","embeddable":true,"href":"https:\/\/ucnoqta.az\/index.php?rest_route=%2Fwp%2Fv2%2Ftags&post=136286"}],"curies":[{"name":"wp","href":"https:\/\/api.w.org\/{rel}","templated":true}]}}