{"id":136285,"date":"2021-12-09T15:59:29","date_gmt":"2021-12-09T11:59:29","guid":{"rendered":""},"modified":"-0001-11-30T00:00:00","modified_gmt":"-0001-11-29T20:00:00","slug":"","status":"publish","type":"post","link":"https:\/\/ucnoqta.az\/?p=136285","title":{"rendered":"&#8220;Bak\u0131&#8221; \u015fadl\u0131q saray\u0131n\u0131n r\u0259hb\u0259rliyi c\u0259rim\u0259l\u0259nib"},"content":{"rendered":"<p><strong>Q\u0259b\u0259l\u0259 rayonu, Zara\u011fan k\u0259ndind\u0259 f\u0259aliyy\u0259t g&ouml;st\u0259r\u0259n N\u0259biyev Arzu Zeynal o\u011fluna m\u0259xsus &ldquo;Bak\u0131&rdquo; \u015fadl\u0131q saray\u0131nda ke&ccedil;iril\u0259n bax\u0131\u015f zaman\u0131 pandemiya d&ouml;vr&uuml;n&uuml;n t\u0259l\u0259bl\u0259rinin pozuldu\u011fu a\u015fkar olunub.<\/strong><\/p>\n<p>Qida T\u0259hl&uuml;k\u0259sizliyi Agentliyind\u0259n Ucnoqta.az-a veril\u0259n m\u0259lumata g&ouml;r\u0259, yoxlama zaman\u0131 pandemiya d&ouml;vr&uuml;n&uuml;n t\u0259l\u0259bl\u0259rin\u0259 \u0259sas\u0259n, COVID-19 pasportu t\u0259l\u0259b olunan i\u015f v\u0259 xidm\u0259t sah\u0259l\u0259ri i\u015f&ccedil;il\u0259rind\u0259n az\u0131 80%-nin COVID-19 pasportunun olmas\u0131 t\u0259l\u0259b olunmas\u0131na baxmayaraq m&uuml;\u0259ssis\u0259d\u0259 &ccedil;al\u0131\u015fan i\u015f&ccedil;il\u0259rd\u0259n 70%-nin COVID-19 pasportuna malik oldu\u011fu, s\u0131xl\u0131q normalar\u0131n\u0131n g&ouml;zl\u0259nilm\u0259diyi, masalar\u0131n &uuml;z\u0259rind\u0259 v\u0259 m&uuml;\u0259ssis\u0259nin giri\u015f hiss\u0259sind\u0259 dezinfeksiyaedici vasit\u0259 yerl\u0259\u015fdirilm\u0259diyi, s\u0131xl\u0131q normalar\u0131na dair l&ouml;vh\u0259nin olmad\u0131\u011f\u0131, m\u0259sul \u015f\u0259xsin t\u0259yin edilm\u0259diyi, xidm\u0259t g&ouml;st\u0259r\u0259n i\u015f&ccedil;i hey\u0259tin b\u0259zil\u0259rinin tibbi maskalardan, \u0259lc\u0259kl\u0259rd\u0259n v\u0259 dig\u0259r f\u0259rdi qoruyucu vasit\u0259l\u0259rd\u0259n istifad\u0259 etm\u0259diyi m\u0259lum olub.<\/p>\n<p>A\u015fkar olunmu\u015f pozuntularla ba\u011fl\u0131 m&uuml;\u0259ssis\u0259 r\u0259hb\u0259rliyi inzibati m\u0259suliyy\u0259t\u0259 c\u0259lb olunub, qanunvericiliy\u0259 uy\u011fun m&uuml;vafiq t\u0259dbirl\u0259r g&ouml;r&uuml;l&uuml;b.<\/p>\n","protected":false},"excerpt":{"rendered":"<p>Q\u0259b\u0259l\u0259 rayonu, Zara\u011fan k\u0259ndind\u0259 f\u0259aliyy\u0259t g&ouml;st\u0259r\u0259n N\u0259biyev Arzu Zeynal o\u011fluna m\u0259xsus &ldquo;Bak\u0131&rdquo; \u015fadl\u0131q saray\u0131nda ke&ccedil;iril\u0259n bax\u0131\u015f zaman\u0131 pandemiya d&ouml;vr&uuml;n&uuml;n t\u0259l\u0259bl\u0259rinin pozuldu\u011fu a\u015fkar olunub. Qida T\u0259hl&uuml;k\u0259sizliyi Agentliyind\u0259n Ucnoqta.az-a veril\u0259n m\u0259lumata g&ouml;r\u0259,&hellip;<\/p>\n","protected":false},"author":1,"featured_media":251278,"comment_status":"open","ping_status":"open","sticky":false,"template":"","format":"standard","meta":{"_lmt_disableupdate":"","_lmt_disable":"","footnotes":""},"categories":[],"tags":[],"class_list":["post-136285","post","type-post","status-publish","format-standard","has-post-thumbnail","hentry"],"_links":{"self":[{"href":"https:\/\/ucnoqta.az\/index.php?rest_route=\/wp\/v2\/posts\/136285","targetHints":{"allow":["GET"]}}],"collection":[{"href":"https:\/\/ucnoqta.az\/index.php?rest_route=\/wp\/v2\/posts"}],"about":[{"href":"https:\/\/ucnoqta.az\/index.php?rest_route=\/wp\/v2\/types\/post"}],"author":[{"embeddable":true,"href":"https:\/\/ucnoqta.az\/index.php?rest_route=\/wp\/v2\/users\/1"}],"replies":[{"embeddable":true,"href":"https:\/\/ucnoqta.az\/index.php?rest_route=%2Fwp%2Fv2%2Fcomments&post=136285"}],"version-history":[{"count":0,"href":"https:\/\/ucnoqta.az\/index.php?rest_route=\/wp\/v2\/posts\/136285\/revisions"}],"wp:featuredmedia":[{"embeddable":true,"href":"https:\/\/ucnoqta.az\/index.php?rest_route=\/wp\/v2\/media\/251278"}],"wp:attachment":[{"href":"https:\/\/ucnoqta.az\/index.php?rest_route=%2Fwp%2Fv2%2Fmedia&parent=136285"}],"wp:term":[{"taxonomy":"category","embeddable":true,"href":"https:\/\/ucnoqta.az\/index.php?rest_route=%2Fwp%2Fv2%2Fcategories&post=136285"},{"taxonomy":"post_tag","embeddable":true,"href":"https:\/\/ucnoqta.az\/index.php?rest_route=%2Fwp%2Fv2%2Ftags&post=136285"}],"curies":[{"name":"wp","href":"https:\/\/api.w.org\/{rel}","templated":true}]}}