{"id":136284,"date":"2021-12-09T15:52:54","date_gmt":"2021-12-09T11:52:54","guid":{"rendered":""},"modified":"-0001-11-30T00:00:00","modified_gmt":"-0001-11-29T20:00:00","slug":"","status":"publish","type":"post","link":"https:\/\/ucnoqta.az\/?p=136284","title":{"rendered":"\u201c\u0130Z\u201d g\u0259ncl\u0259r d\u00fc\u015f\u0259rg\u0259si \u00e7\u0259r\u00e7iv\u0259sind\u0259 f\u0259aliyy\u0259tl\u0259r\u0259 start verilib &#8211;<font color=red><b> FOTO<\/b><\/font>"},"content":{"rendered":"<p><strong>Az\u0259rbaycan G\u0259ncl\u0259r Fondunun d\u0259st\u0259yi, &ldquo;\u0130r\u0259li&rdquo; \u0130ctimai Birliyinin t\u0259\u015fkilat&ccedil;\u0131l\u0131\u011f\u0131 il\u0259 h\u0259yata ke&ccedil;iril\u0259n &ldquo;\u0130Z&rdquo; g\u0259ncl\u0259r d&uuml;\u015f\u0259rg\u0259si &ouml;z i\u015fin\u0259 ba\u015flay\u0131b.<\/strong><\/p>\n<p>&quot;\u0130r\u0259li&quot;d\u0259n Ucnoqta.az-a bildirilib ki, &ldquo;\u0130Z&rdquo; g\u0259ncl\u0259r d&uuml;\u015f\u0259rg\u0259sinin \u0259sas m\u0259qs\u0259di ad\u0131ndan da b\u0259lli oldu\u011fu kimi, g\u0259ncl\u0259rimiz\u0259 Az\u0259rbaycan\u0131n d&ouml;vl\u0259t&ccedil;ilik, m\u0259d\u0259niyy\u0259t, s\u0259n\u0259tkarl\u0131q, elm, ordu quruculu\u011fu, tarixi haqq\u0131nda geni\u015f m\u0259lumat verm\u0259k, el\u0259c\u0259 d\u0259 g&ouml;rk\u0259mli \u015f\u0259xsiyy\u0259tl\u0259rimizi tan\u0131tmaq, milli-m\u0259n\u0259vi d\u0259y\u0259rl\u0259rimizi a\u015f\u0131lamaqd\u0131r. Layih\u0259 Az\u0259rbaycan\u0131n g&ouml;rk\u0259mli \u015f\u0259xsl\u0259rinin g\u0259ncl\u0259r\u0259 tan\u0131d\u0131lmas\u0131, onlarda milli kimliyin formala\u015fmas\u0131 bax\u0131m\u0131ndan da olduqca \u0259h\u0259miyy\u0259tlidir. Dahi \u015f\u0259xsiyy\u0259tl\u0259rin h\u0259yat\u0131, \u0259d\u0259bi-elmi irsi, Az\u0259rbaycan d&ouml;vl\u0259t&ccedil;iliyi &uuml;&ccedil;&uuml;n g&ouml;st\u0259ril\u0259n f\u0259aliyy\u0259tin t\u0259bli\u011fi g\u0259ncl\u0259r &uuml;&ccedil;&uuml;n \u0259n yax\u015f\u0131 n&uuml;mun\u0259l\u0259rd\u0259ndir. &ldquo;\u0130r\u0259li&rdquo; \u0130B olaraq Az\u0259rbaycan tarixind\u0259 &ouml;z s&ouml;z&uuml;n&uuml; dey\u0259n dahil\u0259ri tan\u0131d\u0131b-t\u0259bli\u011f etm\u0259k istiqam\u0259tl\u0259rind\u0259 g&ouml;rd&uuml;y&uuml;m&uuml;z i\u015fl\u0259rd\u0259n biri d\u0259 &ldquo;\u0130Z&rdquo; layih\u0259sidir.<\/p>\n<p>8-12 dekabr 2021-ci il tarixl\u0259rind\u0259 ke&ccedil;iril\u0259n &ldquo;\u0130Z&rdquo; layih\u0259si &ccedil;\u0259r&ccedil;iv\u0259sind\u0259 i\u015ftirak&ccedil;\u0131larla &uuml;mumi g&ouml;r&uuml;\u015f ke&ccedil;irilib, d&uuml;\u015f\u0259rg\u0259 qaydalar\u0131 haqq\u0131nda \u0259trafl\u0131 m\u0259lumatlar verilib. Daha sonra g\u0259ncl\u0259r komanda t\u0259qdimatlar\u0131nda i\u015ftirak ed\u0259r\u0259k praktiki sessiyada &ouml;z komandalar\u0131 haqq\u0131nda toplad\u0131qlar\u0131 m\u0259lumatlar\u0131 n&uuml;mayi\u015f etdiribl\u0259r.<\/p>\n<p>Layih\u0259 i\u015ftirak&ccedil;\u0131lar\u0131n\u0131n &ldquo;\u0130r\u0259li&rdquo; \u0130ctimai Birliyinin s\u0259dri \u015eahin R\u0259hmanl\u0131 il\u0259 g&ouml;r&uuml;\u015f&uuml; ke&ccedil;irilib. &Uuml;mummilli Liderin : &ldquo;Az\u0259rbaycan\u0131n h\u0259r bir g\u0259nci &ouml;z xalq\u0131n\u0131n, mill\u0259tinin q\u0259dim zamanlardan indiy\u0259 q\u0259d\u0259r olan tarixini g\u0259r\u0259k yax\u015f\u0131 bilsin. \u018fg\u0259r bunu bilmirs\u0259, o, h\u0259qiqi v\u0259t\u0259np\u0259rv\u0259r ola bilm\u0259z. \u018fg\u0259r bunu bilm\u0259s\u0259, o, mill\u0259tini qiym\u0259tl\u0259ndir\u0259 bilm\u0259z. \u018fg\u0259r onu bilm\u0259s\u0259, o, mill\u0259tin\u0259 olan m\u0259nsubiyy\u0259ti il\u0259 ist\u0259nil\u0259n s\u0259viyy\u0259d\u0259 f\u0259xr ed\u0259 bilm\u0259z&quot; s&ouml;zl\u0259rini xat\u0131rladan t\u0259\u015fkilat s\u0259dri layih\u0259nin bu bax\u0131mdan \u0259h\u0259miyy\u0259tind\u0259n dan\u0131\u015f\u0131b. Qeyd olunub ki, D&ouml;vl\u0259t G\u0259ncl\u0259r Siyas\u0259tinin \u0259sas\u0131nda tarixin\u0259, milli-m\u0259n\u0259vi d\u0259y\u0259rl\u0259rin\u0259 ba\u011fl\u0131 v\u0259t\u0259np\u0259rv\u0259r g\u0259ncl\u0259rin formala\u015fmas\u0131 dayan\u0131r ki, &ldquo;\u0130r\u0259li&rdquo; d\u0259 aktiv \u015f\u0259kild\u0259 bu istiqam\u0259td\u0259 t\u0259dbirl\u0259r h\u0259yata ke&ccedil;irir. \u015eahin R\u0259hmanl\u0131 \u0259lav\u0259 edib ki, g\u0259l\u0259c\u0259kd\u0259 d\u0259 bu kimi t\u0259dbirl\u0259rin t\u0259\u015fkili davam ed\u0259c\u0259k.<\/p>\n<p>Layih\u0259 i\u015ftirak&ccedil;\u0131lar\u0131n\u0131n tan\u0131nm\u0131\u015f televiziya v\u0259 radio apar\u0131c\u0131s\u0131, \u0259m\u0259kdar m\u0259d\u0259niyy\u0259t i\u015f&ccedil;isi Rahib Az\u0259ri il\u0259 g&ouml;r&uuml;\u015f&uuml; ke&ccedil;irilib. Diskussiya format\u0131nda ke&ccedil;\u0259n g&ouml;r&uuml;\u015f boyunca g\u0259ncl\u0259r &ouml;lk\u0259mizin v\u0259 paytaxt\u0131m\u0131z\u0131n tarixi, m\u0259d\u0259niyy\u0259ti haqq\u0131nda geni\u015f m\u0259lumatlar \u0259ld\u0259 edibl\u0259r.<\/p>\n<p>Az\u0259rbaycan\u0131n dilb\u0259r gu\u015f\u0259l\u0259rind\u0259n olan L\u0259nk\u0259ran \u015f\u0259h\u0259rind\u0259 ke&ccedil;iril\u0259n &ldquo;\u0130Z&rdquo; layih\u0259sind\u0259 g\u0259ncl\u0259r &uuml;&ccedil;&uuml;n d&ouml;vl\u0259t r\u0259smil\u0259ri il\u0259 g&ouml;r&uuml;\u015fl\u0259r ke&ccedil;irilm\u0259si, L\u0259nk\u0259ran \u015f\u0259h\u0259rinin tarixi m\u0259kanlar\u0131na ekskursiya t\u0259\u015fkil edilm\u0259si n\u0259z\u0259rd\u0259 tutulur. Layih\u0259 &ccedil;\u0259r&ccedil;iv\u0259sind\u0259 g\u0259ncl\u0259r &ouml;lk\u0259mizin tarixd\u0259 qoydu\u011fu izl\u0259ri d\u0259rind\u0259n ara\u015fd\u0131raraq m\u0259d\u0259niyy\u0259t, tarix, komanda quruculu\u011fu v\u0259 dig\u0259r bu kimi m&ouml;vzular &uuml;zr\u0259 t\u0259lim v\u0259 seminarlarda i\u015ftirak ed\u0259c\u0259kl\u0259r. G\u0259ncl\u0259rin bilik v\u0259 bacar\u0131qlar\u0131n\u0131n art\u0131r\u0131lmas\u0131 m\u0259qs\u0259di il\u0259 intellektual oyunlar ke&ccedil;iril\u0259c\u0259k, eyni zamanda idman bacar\u0131qlar\u0131n\u0131n art\u0131r\u0131lmas\u0131 &uuml;&ccedil;&uuml;n oxatma idman yar\u0131\u015f\u0131 ba\u015f tutacaq.<\/p>\n<p>Qeyd ed\u0259k ki, layih\u0259 17-25 ya\u015f aral\u0131\u011f\u0131nda olan, ilkin qeydiyyat v\u0259 m&uuml;sahib\u0259 m\u0259rh\u0259l\u0259l\u0259rind\u0259 m\u0259qbul n\u0259tic\u0259 g&ouml;st\u0259rmi\u015f g\u0259ncl\u0259r s\u0131ras\u0131ndan gender balans\u0131 qorunmaqla se&ccedil;il\u0259n 100-\u0259 yax\u0131n g\u0259ncin i\u015ftirak\u0131 il\u0259 ba\u015f tutur. Layih\u0259nin sonunda h\u0259yata ke&ccedil;iril\u0259n t\u0259dbirl\u0259rd\u0259 f\u0259al i\u015ftirak etmi\u015f komandalar kubok v\u0259 m&uuml;xt\u0259lif h\u0259diyy\u0259l\u0259rl\u0259 t\u0259ltif olunacaqlar.<\/p>\n","protected":false},"excerpt":{"rendered":"<p>Az\u0259rbaycan G\u0259ncl\u0259r Fondunun d\u0259st\u0259yi, &ldquo;\u0130r\u0259li&rdquo; \u0130ctimai Birliyinin t\u0259\u015fkilat&ccedil;\u0131l\u0131\u011f\u0131 il\u0259 h\u0259yata ke&ccedil;iril\u0259n &ldquo;\u0130Z&rdquo; g\u0259ncl\u0259r d&uuml;\u015f\u0259rg\u0259si &ouml;z i\u015fin\u0259 ba\u015flay\u0131b. &quot;\u0130r\u0259li&quot;d\u0259n Ucnoqta.az-a bildirilib ki, &ldquo;\u0130Z&rdquo; g\u0259ncl\u0259r d&uuml;\u015f\u0259rg\u0259sinin \u0259sas m\u0259qs\u0259di ad\u0131ndan da b\u0259lli oldu\u011fu&hellip;<\/p>\n","protected":false},"author":1,"featured_media":251278,"comment_status":"open","ping_status":"open","sticky":false,"template":"","format":"standard","meta":{"_lmt_disableupdate":"","_lmt_disable":"","footnotes":""},"categories":[101],"tags":[],"class_list":["post-136284","post","type-post","status-publish","format-standard","has-post-thumbnail","hentry","category-cemiyyet"],"_links":{"self":[{"href":"https:\/\/ucnoqta.az\/index.php?rest_route=\/wp\/v2\/posts\/136284","targetHints":{"allow":["GET"]}}],"collection":[{"href":"https:\/\/ucnoqta.az\/index.php?rest_route=\/wp\/v2\/posts"}],"about":[{"href":"https:\/\/ucnoqta.az\/index.php?rest_route=\/wp\/v2\/types\/post"}],"author":[{"embeddable":true,"href":"https:\/\/ucnoqta.az\/index.php?rest_route=\/wp\/v2\/users\/1"}],"replies":[{"embeddable":true,"href":"https:\/\/ucnoqta.az\/index.php?rest_route=%2Fwp%2Fv2%2Fcomments&post=136284"}],"version-history":[{"count":0,"href":"https:\/\/ucnoqta.az\/index.php?rest_route=\/wp\/v2\/posts\/136284\/revisions"}],"wp:featuredmedia":[{"embeddable":true,"href":"https:\/\/ucnoqta.az\/index.php?rest_route=\/wp\/v2\/media\/251278"}],"wp:attachment":[{"href":"https:\/\/ucnoqta.az\/index.php?rest_route=%2Fwp%2Fv2%2Fmedia&parent=136284"}],"wp:term":[{"taxonomy":"category","embeddable":true,"href":"https:\/\/ucnoqta.az\/index.php?rest_route=%2Fwp%2Fv2%2Fcategories&post=136284"},{"taxonomy":"post_tag","embeddable":true,"href":"https:\/\/ucnoqta.az\/index.php?rest_route=%2Fwp%2Fv2%2Ftags&post=136284"}],"curies":[{"name":"wp","href":"https:\/\/api.w.org\/{rel}","templated":true}]}}