{"id":136279,"date":"2021-12-09T15:30:21","date_gmt":"2021-12-09T11:30:21","guid":{"rendered":""},"modified":"-0001-11-30T00:00:00","modified_gmt":"-0001-11-29T20:00:00","slug":"","status":"publish","type":"post","link":"https:\/\/ucnoqta.az\/?p=136279","title":{"rendered":"D\u0130N 14 ya\u015fl\u0131 q\u0131z\u0131n anas\u0131 t\u0259r\u0259find\u0259n o\u011furlanmas\u0131 iddialar\u0131na m\u00fcnasib\u0259t bildirib"},"content":{"rendered":"<p><strong>Daxili \u0130\u015fl\u0259r Nazirliyi (D\u0130N) Bak\u0131da yeniyetm\u0259 q\u0131z\u0131n anas\u0131 t\u0259r\u0259find\u0259n n\u0259n\u0259sinin evind\u0259n o\u011furlanmas\u0131 il\u0259 ba\u011fl\u0131 iddialara m&uuml;nasib\u0259t bildirib.<\/strong><\/p>\n<p>D\u0130N-in M\u0259tbuat Xidm\u0259tinin K\u0130V v\u0259 ictimaiyy\u0259tl\u0259 \u0259laq\u0259l\u0259r \u015f&ouml;b\u0259sinin r\u0259isi, polis mayoru El\u015fad Hac\u0131yev&nbsp;bildirib ki, yay\u0131lan m\u0259lumatlar ara\u015fd\u0131r\u0131l\u0131r.<\/p>\n<p>&ldquo;Bu bar\u0259d\u0259 m\u0259lumatl\u0131y\u0131q. Art\u0131q ara\u015fd\u0131rmalara ba\u015flan\u0131l\u0131b&rdquo;, &#8211; \u015f&ouml;b\u0259 r\u0259isi qeyd edib.<\/p>\n<p>Xat\u0131rladaq ki, sosial \u015f\u0259b\u0259k\u0259l\u0259rd\u0259 \u015eirvan rayon sakini Tamella Mustafayeva q\u0131z\u0131n\u0131n narkotik alud\u0259&ccedil;isi oldu\u011funu iddia edir. O bildirib ki, 14 ya\u015fl\u0131 n\u0259v\u0259si q\u0131z\u0131 v\u0259 onun tan\u0131\u015f\u0131 t\u0259r\u0259find\u0259n evind\u0259n o\u011furlan\u0131b. T.Mustafayevan\u0131n iddias\u0131na g&ouml;r\u0259, h\u0259min \u015f\u0259xsl\u0259r yeniyetm\u0259nin ona qaytarmas\u0131 m&uuml;qabilind\u0259 5 min manat pul ist\u0259yirl\u0259r.<\/p>\n","protected":false},"excerpt":{"rendered":"<p>Daxili \u0130\u015fl\u0259r Nazirliyi (D\u0130N) Bak\u0131da yeniyetm\u0259 q\u0131z\u0131n anas\u0131 t\u0259r\u0259find\u0259n n\u0259n\u0259sinin evind\u0259n o\u011furlanmas\u0131 il\u0259 ba\u011fl\u0131 iddialara m&uuml;nasib\u0259t bildirib. D\u0130N-in M\u0259tbuat Xidm\u0259tinin K\u0130V v\u0259 ictimaiyy\u0259tl\u0259 \u0259laq\u0259l\u0259r \u015f&ouml;b\u0259sinin r\u0259isi, polis mayoru El\u015fad Hac\u0131yev&nbsp;bildirib&hellip;<\/p>\n","protected":false},"author":1,"featured_media":251278,"comment_status":"open","ping_status":"open","sticky":false,"template":"","format":"standard","meta":{"_lmt_disableupdate":"","_lmt_disable":"","footnotes":""},"categories":[],"tags":[],"class_list":["post-136279","post","type-post","status-publish","format-standard","has-post-thumbnail","hentry"],"_links":{"self":[{"href":"https:\/\/ucnoqta.az\/index.php?rest_route=\/wp\/v2\/posts\/136279","targetHints":{"allow":["GET"]}}],"collection":[{"href":"https:\/\/ucnoqta.az\/index.php?rest_route=\/wp\/v2\/posts"}],"about":[{"href":"https:\/\/ucnoqta.az\/index.php?rest_route=\/wp\/v2\/types\/post"}],"author":[{"embeddable":true,"href":"https:\/\/ucnoqta.az\/index.php?rest_route=\/wp\/v2\/users\/1"}],"replies":[{"embeddable":true,"href":"https:\/\/ucnoqta.az\/index.php?rest_route=%2Fwp%2Fv2%2Fcomments&post=136279"}],"version-history":[{"count":0,"href":"https:\/\/ucnoqta.az\/index.php?rest_route=\/wp\/v2\/posts\/136279\/revisions"}],"wp:featuredmedia":[{"embeddable":true,"href":"https:\/\/ucnoqta.az\/index.php?rest_route=\/wp\/v2\/media\/251278"}],"wp:attachment":[{"href":"https:\/\/ucnoqta.az\/index.php?rest_route=%2Fwp%2Fv2%2Fmedia&parent=136279"}],"wp:term":[{"taxonomy":"category","embeddable":true,"href":"https:\/\/ucnoqta.az\/index.php?rest_route=%2Fwp%2Fv2%2Fcategories&post=136279"},{"taxonomy":"post_tag","embeddable":true,"href":"https:\/\/ucnoqta.az\/index.php?rest_route=%2Fwp%2Fv2%2Ftags&post=136279"}],"curies":[{"name":"wp","href":"https:\/\/api.w.org\/{rel}","templated":true}]}}