{"id":136276,"date":"2021-12-09T14:35:57","date_gmt":"2021-12-09T10:35:57","guid":{"rendered":""},"modified":"-0001-11-30T00:00:00","modified_gmt":"-0001-11-29T20:00:00","slug":"","status":"publish","type":"post","link":"https:\/\/ucnoqta.az\/?p=136276","title":{"rendered":"&#8220;Yeni qanun layih\u0259si \u00fcz\u0259rind\u0259 i\u015fl\u0259r art\u0131q yekunla\u015f\u0131b&#8221; &#8211; <font color=red><b>\u018fhm\u0259d \u0130smay\u0131lov<\/b><\/font>"},"content":{"rendered":"<p><strong>&quot;Media haqq\u0131nda&quot; yeni qanun layih\u0259si Milli M\u0259clis\u0259 daxil olub&quot;.<\/strong><\/p>\n<p>Ucnoqta.az&nbsp;x\u0259b\u0259r verir ki, bunu Median\u0131n \u0130nki\u015faf\u0131 Agentliyinin \u0130cra&ccedil;\u0131 direktoru \u018fhm\u0259d \u0130smay\u0131lov media subyektl\u0259rinin r\u0259hb\u0259r v\u0259 n&uuml;may\u0259nd\u0259l\u0259ri il\u0259 g&ouml;r&uuml;\u015fd\u0259 deyib.<\/p>\n<p>Onun s&ouml;zl\u0259rin\u0259 g&ouml;r\u0259, &quot;Media haqq\u0131nda&quot; qanun layih\u0259sinin haz\u0131rlanmas\u0131 &uuml;zr\u0259 t\u0259dbirl\u0259r davam etdirilir:<\/p>\n<p>&quot;Yeni qanun layih\u0259si &uuml;z\u0259rind\u0259 i\u015fl\u0259r art\u0131q yekunla\u015f\u0131b. Q\u0131sa m&uuml;dd\u0259td\u0259 bu qanun layih\u0259sinin Milli M\u0259clisin komit\u0259l\u0259rind\u0259 v\u0259 plenar iclas\u0131nda m&uuml;zakir\u0259l\u0259ri h\u0259yata ke&ccedil;iril\u0259c\u0259k&quot;.<\/p>\n","protected":false},"excerpt":{"rendered":"<p>&quot;Media haqq\u0131nda&quot; yeni qanun layih\u0259si Milli M\u0259clis\u0259 daxil olub&quot;. Ucnoqta.az&nbsp;x\u0259b\u0259r verir ki, bunu Median\u0131n \u0130nki\u015faf\u0131 Agentliyinin \u0130cra&ccedil;\u0131 direktoru \u018fhm\u0259d \u0130smay\u0131lov media subyektl\u0259rinin r\u0259hb\u0259r v\u0259 n&uuml;may\u0259nd\u0259l\u0259ri il\u0259 g&ouml;r&uuml;\u015fd\u0259 deyib. Onun s&ouml;zl\u0259rin\u0259&hellip;<\/p>\n","protected":false},"author":1,"featured_media":251278,"comment_status":"open","ping_status":"open","sticky":false,"template":"","format":"standard","meta":{"_lmt_disableupdate":"","_lmt_disable":"","footnotes":""},"categories":[96],"tags":[],"class_list":["post-136276","post","type-post","status-publish","format-standard","has-post-thumbnail","hentry","category-media-butun-xeberler"],"_links":{"self":[{"href":"https:\/\/ucnoqta.az\/index.php?rest_route=\/wp\/v2\/posts\/136276","targetHints":{"allow":["GET"]}}],"collection":[{"href":"https:\/\/ucnoqta.az\/index.php?rest_route=\/wp\/v2\/posts"}],"about":[{"href":"https:\/\/ucnoqta.az\/index.php?rest_route=\/wp\/v2\/types\/post"}],"author":[{"embeddable":true,"href":"https:\/\/ucnoqta.az\/index.php?rest_route=\/wp\/v2\/users\/1"}],"replies":[{"embeddable":true,"href":"https:\/\/ucnoqta.az\/index.php?rest_route=%2Fwp%2Fv2%2Fcomments&post=136276"}],"version-history":[{"count":0,"href":"https:\/\/ucnoqta.az\/index.php?rest_route=\/wp\/v2\/posts\/136276\/revisions"}],"wp:featuredmedia":[{"embeddable":true,"href":"https:\/\/ucnoqta.az\/index.php?rest_route=\/wp\/v2\/media\/251278"}],"wp:attachment":[{"href":"https:\/\/ucnoqta.az\/index.php?rest_route=%2Fwp%2Fv2%2Fmedia&parent=136276"}],"wp:term":[{"taxonomy":"category","embeddable":true,"href":"https:\/\/ucnoqta.az\/index.php?rest_route=%2Fwp%2Fv2%2Fcategories&post=136276"},{"taxonomy":"post_tag","embeddable":true,"href":"https:\/\/ucnoqta.az\/index.php?rest_route=%2Fwp%2Fv2%2Ftags&post=136276"}],"curies":[{"name":"wp","href":"https:\/\/api.w.org\/{rel}","templated":true}]}}