{"id":129894,"date":"2021-09-23T14:53:50","date_gmt":"2021-09-23T10:53:50","guid":{"rendered":""},"modified":"-0001-11-30T00:00:00","modified_gmt":"-0001-11-29T20:00:00","slug":"","status":"publish","type":"post","link":"https:\/\/ucnoqta.az\/?p=129894","title":{"rendered":"Ceyhun Bayramov AT\u018fT s\u0259dri il\u0259 g\u00f6r\u00fc\u015f\u00fcb &#8211; <font color=red><b>FOTO<\/b><\/font>"},"content":{"rendered":"<p><strong>BMT Ba\u015f Assambleyas\u0131n\u0131n 76-ci sessiyas\u0131 &ccedil;\u0259r&ccedil;iv\u0259sind\u0259 Az\u0259rbaycan\u0131n xarici i\u015fl\u0259r naziri Ceyhun Bayramov \u0130sve&ccedil; xarici i\u015fl\u0259r naziri, AT\u018fT-in f\u0259aliyy\u0259td\u0259 olan s\u0259dri Ann Linde il\u0259 g&ouml;r&uuml;\u015f&uuml;b.<\/strong><\/p>\n<p>Bu bar\u0259d\u0259 Ucnoqta.az-a&nbsp;Xarici \u0130\u015fl\u0259r Nazirliyind\u0259n m\u0259lumat verilib.<\/p>\n<p>G&ouml;r&uuml;\u015fd\u0259 &ouml;lk\u0259l\u0259r aras\u0131nda ikit\u0259r\u0259fli m&uuml;nasib\u0259tl\u0259rin bir s\u0131ra istiqam\u0259tl\u0259r &uuml;zr\u0259 inki\u015faf etdiyini v\u0259 bu \u0259m\u0259kda\u015fl\u0131\u011f\u0131n geni\u015fl\u0259ndirilm\u0259si &uuml;&ccedil;&uuml;n b&ouml;y&uuml;k imkanlar\u0131n m&ouml;vcud oldu\u011fu qeyd edilib.<\/p>\n<p>Nazir Ceyhun Bayramov b&ouml;lg\u0259d\u0259 olan cari t\u0259hl&uuml;k\u0259sizlik v\u0259ziyy\u0259ti, &uuml;&ccedil;t\u0259r\u0259fli b\u0259yanatlar\u0131n icras\u0131 il\u0259 ba\u011fl\u0131 m\u0259s\u0259l\u0259l\u0259r, Erm\u0259nistan t\u0259r\u0259find\u0259n 10 noyabr 2020-ci il tarixli &uuml;&ccedil;t\u0259r\u0259fli b\u0259yanat\u0131n m&uuml;dd\u0259alar\u0131na zidd davran\u0131\u015f v\u0259 dig\u0259r m\u0259s\u0259l\u0259l\u0259r bar\u0259d\u0259 h\u0259mkar\u0131na m\u0259lumat verib. Eyni zamanda, m&uuml;naqi\u015f\u0259d\u0259n sonrak\u0131 b\u0259rpa v\u0259 yenid\u0259nqurma m\u0259rh\u0259l\u0259si \u0259trafinda fikir m&uuml;badil\u0259si apar\u0131l\u0131b.<\/p>\n<p>Nazirl\u0259r, Az\u0259rbaycan\u0131n AT\u018fT il\u0259 \u0259m\u0259kda\u015fl\u0131\u011f\u0131 m\u0259s\u0259l\u0259l\u0259ri, habel\u0259 AT\u018fT-in Nazirl\u0259r \u015euras\u0131n\u0131n toplant\u0131s\u0131na haz\u0131rl\u0131q m\u0259s\u0259l\u0259l\u0259rini m&uuml;zakir\u0259 edibl\u0259r.<\/p>\n<p>G&ouml;r&uuml;\u015f zaman\u0131 t\u0259r\u0259fl\u0259r, h\u0259m&ccedil;inin ikit\u0259r\u0259fli \u0259m\u0259kda\u015fl\u0131q g&uuml;nd\u0259liyind\u0259 duran bir s\u0131ra m\u0259s\u0259l\u0259l\u0259r &uuml;zr\u0259 fikir m&uuml;badil\u0259si apar\u0131blar.<\/p>\n<p>&nbsp;<\/p>\n","protected":false},"excerpt":{"rendered":"<p>BMT Ba\u015f Assambleyas\u0131n\u0131n 76-ci sessiyas\u0131 &ccedil;\u0259r&ccedil;iv\u0259sind\u0259 Az\u0259rbaycan\u0131n xarici i\u015fl\u0259r naziri Ceyhun Bayramov \u0130sve&ccedil; xarici i\u015fl\u0259r naziri, AT\u018fT-in f\u0259aliyy\u0259td\u0259 olan s\u0259dri Ann Linde il\u0259 g&ouml;r&uuml;\u015f&uuml;b. Bu bar\u0259d\u0259 Ucnoqta.az-a&nbsp;Xarici \u0130\u015fl\u0259r Nazirliyind\u0259n m\u0259lumat&hellip;<\/p>\n","protected":false},"author":1,"featured_media":251278,"comment_status":"open","ping_status":"open","sticky":false,"template":"","format":"standard","meta":{"_lmt_disableupdate":"","_lmt_disable":"","footnotes":""},"categories":[],"tags":[],"class_list":["post-129894","post","type-post","status-publish","format-standard","has-post-thumbnail","hentry"],"_links":{"self":[{"href":"https:\/\/ucnoqta.az\/index.php?rest_route=\/wp\/v2\/posts\/129894","targetHints":{"allow":["GET"]}}],"collection":[{"href":"https:\/\/ucnoqta.az\/index.php?rest_route=\/wp\/v2\/posts"}],"about":[{"href":"https:\/\/ucnoqta.az\/index.php?rest_route=\/wp\/v2\/types\/post"}],"author":[{"embeddable":true,"href":"https:\/\/ucnoqta.az\/index.php?rest_route=\/wp\/v2\/users\/1"}],"replies":[{"embeddable":true,"href":"https:\/\/ucnoqta.az\/index.php?rest_route=%2Fwp%2Fv2%2Fcomments&post=129894"}],"version-history":[{"count":0,"href":"https:\/\/ucnoqta.az\/index.php?rest_route=\/wp\/v2\/posts\/129894\/revisions"}],"wp:featuredmedia":[{"embeddable":true,"href":"https:\/\/ucnoqta.az\/index.php?rest_route=\/wp\/v2\/media\/251278"}],"wp:attachment":[{"href":"https:\/\/ucnoqta.az\/index.php?rest_route=%2Fwp%2Fv2%2Fmedia&parent=129894"}],"wp:term":[{"taxonomy":"category","embeddable":true,"href":"https:\/\/ucnoqta.az\/index.php?rest_route=%2Fwp%2Fv2%2Fcategories&post=129894"},{"taxonomy":"post_tag","embeddable":true,"href":"https:\/\/ucnoqta.az\/index.php?rest_route=%2Fwp%2Fv2%2Ftags&post=129894"}],"curies":[{"name":"wp","href":"https:\/\/api.w.org\/{rel}","templated":true}]}}