{"id":129889,"date":"2021-09-23T14:10:48","date_gmt":"2021-09-23T10:10:48","guid":{"rendered":""},"modified":"-0001-11-30T00:00:00","modified_gmt":"-0001-11-29T20:00:00","slug":"","status":"publish","type":"post","link":"https:\/\/ucnoqta.az\/?p=129889","title":{"rendered":"Balak\u0259n-Zaqatala zonas\u0131ndak\u0131 \u00e7aylarda da\u015fq\u0131n olub"},"content":{"rendered":"<p><strong>Ekologiya v\u0259 T\u0259bii S\u0259rv\u0259tl\u0259r Nazirliyinin Milli Hidrometeorologiya Xidm\u0259tinin sentyabr\u0131n 23-&uuml; saat 13:00-a olan m\u0259lumat\u0131na \u0259sas\u0259n b\u0259zi da\u011fl\u0131q v\u0259 da\u011f\u0259t\u0259yi rayonlarda \u015fim\u015f\u0259k &ccedil;ax\u0131b, arabir ya\u011f\u0131\u015f ya\u011f\u0131b, Balak\u0259n, Zaqatalada intensiv v\u0259 g&uuml;cl&uuml; olub.<\/strong><\/p>\n<p>Milli Hidrometeorologiya Xidm\u0259ti Hidrometeoroloji Proqnozlar B&uuml;rosundan&nbsp;veril\u0259n m\u0259lumata g&ouml;r\u0259, g&uuml;cl&uuml; ya\u011f\u0131\u015f n\u0259tic\u0259sind\u0259 Balak\u0259n&ccedil;ay (Balak\u0259n), Katex&ccedil;ay Katex v\u0259 Tala&ccedil;ayda (Zaqatala ) hal-haz\u0131rda sel v\u0259 da\u015fq\u0131n hadis\u0259si m&uuml;\u015fahid\u0259 olunur.<\/p>\n<p>D&uuml;\u015f\u0259n ya\u011f\u0131nt\u0131n\u0131n miqdar\u0131 Balak\u0259n&ccedil;ay m\u0259nt\u0259q\u0259sind\u0259 144.0 mm, Balak\u0259nd\u0259 137.0 mm (ayl\u0131q norman\u0131n 161 %-i), \u018flib\u0259yd\u0259 120.0 mm (ayl\u0131q norman\u0131n 100%-i), Zaqatalada 94.0 mm (ayl\u0131q norman\u0131n 110 %-i), Sar\u0131ba\u015fda (Qax) 3.0 mm, Qusar, G&ouml;yg&ouml;ld\u0259 2.0 mm, Ki\u015f&ccedil;ay (\u015e\u0259ki), Astara, Xaltan, Quba, \u015e\u0259ki, Tovuz, G\u0259nc\u0259, \u015e\u0259mkir, Naftalan, Da\u015fk\u0259s\u0259n, \u015e\u0259rurda 1.0 mm-d\u0259k olub.<\/p>\n<p>Sentyabr\u0131n 22-d\u0259 c\u0259nub-\u015f\u0259rq k&uuml;l\u0259yi A\u011fstafada 20 m\/s, C\u0259f\u0259rxan, Naftalan, T\u0259rt\u0259rd\u0259 18 m\/s-d\u0259k g&uuml;cl\u0259nib.<\/p>\n","protected":false},"excerpt":{"rendered":"<p>Ekologiya v\u0259 T\u0259bii S\u0259rv\u0259tl\u0259r Nazirliyinin Milli Hidrometeorologiya Xidm\u0259tinin sentyabr\u0131n 23-&uuml; saat 13:00-a olan m\u0259lumat\u0131na \u0259sas\u0259n b\u0259zi da\u011fl\u0131q v\u0259 da\u011f\u0259t\u0259yi rayonlarda \u015fim\u015f\u0259k &ccedil;ax\u0131b, arabir ya\u011f\u0131\u015f ya\u011f\u0131b, Balak\u0259n, Zaqatalada intensiv v\u0259 g&uuml;cl&uuml;&hellip;<\/p>\n","protected":false},"author":1,"featured_media":251278,"comment_status":"open","ping_status":"open","sticky":false,"template":"","format":"standard","meta":{"_lmt_disableupdate":"","_lmt_disable":"","footnotes":""},"categories":[],"tags":[],"class_list":["post-129889","post","type-post","status-publish","format-standard","has-post-thumbnail","hentry"],"_links":{"self":[{"href":"https:\/\/ucnoqta.az\/index.php?rest_route=\/wp\/v2\/posts\/129889","targetHints":{"allow":["GET"]}}],"collection":[{"href":"https:\/\/ucnoqta.az\/index.php?rest_route=\/wp\/v2\/posts"}],"about":[{"href":"https:\/\/ucnoqta.az\/index.php?rest_route=\/wp\/v2\/types\/post"}],"author":[{"embeddable":true,"href":"https:\/\/ucnoqta.az\/index.php?rest_route=\/wp\/v2\/users\/1"}],"replies":[{"embeddable":true,"href":"https:\/\/ucnoqta.az\/index.php?rest_route=%2Fwp%2Fv2%2Fcomments&post=129889"}],"version-history":[{"count":0,"href":"https:\/\/ucnoqta.az\/index.php?rest_route=\/wp\/v2\/posts\/129889\/revisions"}],"wp:featuredmedia":[{"embeddable":true,"href":"https:\/\/ucnoqta.az\/index.php?rest_route=\/wp\/v2\/media\/251278"}],"wp:attachment":[{"href":"https:\/\/ucnoqta.az\/index.php?rest_route=%2Fwp%2Fv2%2Fmedia&parent=129889"}],"wp:term":[{"taxonomy":"category","embeddable":true,"href":"https:\/\/ucnoqta.az\/index.php?rest_route=%2Fwp%2Fv2%2Fcategories&post=129889"},{"taxonomy":"post_tag","embeddable":true,"href":"https:\/\/ucnoqta.az\/index.php?rest_route=%2Fwp%2Fv2%2Ftags&post=129889"}],"curies":[{"name":"wp","href":"https:\/\/api.w.org\/{rel}","templated":true}]}}