{"id":129886,"date":"2021-09-23T13:01:02","date_gmt":"2021-09-23T09:01:02","guid":{"rendered":""},"modified":"-0001-11-30T00:00:00","modified_gmt":"-0001-11-29T20:00:00","slug":"","status":"publish","type":"post","link":"https:\/\/ucnoqta.az\/?p=129886","title":{"rendered":"Yeni icra ba\u015f\u00e7\u0131s\u0131ndan ilk <font color=red><b>T\u018fY\u0130NAT<\/b><\/font>"},"content":{"rendered":"<p><strong>C\u0259lilabad Rayon \u0130cra Hakimiyy\u0259tind\u0259 kadr d\u0259yi\u015fikliyi ba\u015f verib.<\/strong><\/p>\n<p>Ucnoqta.az x\u0259b\u0259r verir ki, Rafiq C\u0259lilovun \u0259mri il\u0259 Tahir &Ccedil;ar&ccedil;\u0131yev C\u0259lilabad Rayon \u0130cra Hakimiyy\u0259ti ba\u015f&ccedil;\u0131s\u0131n\u0131n k&ouml;m\u0259k&ccedil;isi t\u0259yin olunub. Tahir &Ccedil;ar&ccedil;\u0131yev bu t\u0259yinatdan \u0259vv\u0259l \u0130qtisadiyyat Nazirliyi yan\u0131nda \u018fmlak M\u0259s\u0259l\u0259l\u0259ri D&ouml;vl\u0259t Xidm\u0259tind\u0259 &ccedil;al\u0131\u015f\u0131b.<\/p>\n<p>Qeyd ed\u0259k ki, 14 sentyabrda Prezident \u0130lham \u018fliyevin s\u0259r\u0259ncam\u0131 il\u0259 Rafiq \u018fsg\u0259r o\u011flu C\u0259lilov Az\u0259rbaycan Respublikas\u0131n\u0131n \u0130qtisadiyyat Nazirliyi yan\u0131nda \u018fmlak M\u0259s\u0259l\u0259l\u0259ri D&ouml;vl\u0259t Xidm\u0259tinin r\u0259is m&uuml;avini v\u0259zif\u0259sind\u0259n azad edil\u0259r\u0259k, C\u0259lilabad rayon icra hakimiyy\u0259tinin ba\u015f&ccedil;\u0131s\u0131 t\u0259yin edilib.\/\/\/manset.az<\/p>\n","protected":false},"excerpt":{"rendered":"<p>C\u0259lilabad Rayon \u0130cra Hakimiyy\u0259tind\u0259 kadr d\u0259yi\u015fikliyi ba\u015f verib. Ucnoqta.az x\u0259b\u0259r verir ki, Rafiq C\u0259lilovun \u0259mri il\u0259 Tahir &Ccedil;ar&ccedil;\u0131yev C\u0259lilabad Rayon \u0130cra Hakimiyy\u0259ti ba\u015f&ccedil;\u0131s\u0131n\u0131n k&ouml;m\u0259k&ccedil;isi t\u0259yin olunub. Tahir &Ccedil;ar&ccedil;\u0131yev bu t\u0259yinatdan&hellip;<\/p>\n","protected":false},"author":1,"featured_media":251278,"comment_status":"open","ping_status":"open","sticky":false,"template":"","format":"standard","meta":{"_lmt_disableupdate":"","_lmt_disable":"","footnotes":""},"categories":[],"tags":[],"class_list":["post-129886","post","type-post","status-publish","format-standard","has-post-thumbnail","hentry"],"_links":{"self":[{"href":"https:\/\/ucnoqta.az\/index.php?rest_route=\/wp\/v2\/posts\/129886","targetHints":{"allow":["GET"]}}],"collection":[{"href":"https:\/\/ucnoqta.az\/index.php?rest_route=\/wp\/v2\/posts"}],"about":[{"href":"https:\/\/ucnoqta.az\/index.php?rest_route=\/wp\/v2\/types\/post"}],"author":[{"embeddable":true,"href":"https:\/\/ucnoqta.az\/index.php?rest_route=\/wp\/v2\/users\/1"}],"replies":[{"embeddable":true,"href":"https:\/\/ucnoqta.az\/index.php?rest_route=%2Fwp%2Fv2%2Fcomments&post=129886"}],"version-history":[{"count":0,"href":"https:\/\/ucnoqta.az\/index.php?rest_route=\/wp\/v2\/posts\/129886\/revisions"}],"wp:featuredmedia":[{"embeddable":true,"href":"https:\/\/ucnoqta.az\/index.php?rest_route=\/wp\/v2\/media\/251278"}],"wp:attachment":[{"href":"https:\/\/ucnoqta.az\/index.php?rest_route=%2Fwp%2Fv2%2Fmedia&parent=129886"}],"wp:term":[{"taxonomy":"category","embeddable":true,"href":"https:\/\/ucnoqta.az\/index.php?rest_route=%2Fwp%2Fv2%2Fcategories&post=129886"},{"taxonomy":"post_tag","embeddable":true,"href":"https:\/\/ucnoqta.az\/index.php?rest_route=%2Fwp%2Fv2%2Ftags&post=129886"}],"curies":[{"name":"wp","href":"https:\/\/api.w.org\/{rel}","templated":true}]}}