{"id":129885,"date":"2021-09-23T12:57:26","date_gmt":"2021-09-23T08:57:26","guid":{"rendered":""},"modified":"-0001-11-30T00:00:00","modified_gmt":"-0001-11-29T20:00:00","slug":"","status":"publish","type":"post","link":"https:\/\/ucnoqta.az\/?p=129885","title":{"rendered":"&#8220;Tehran yanacaq dolu y\u00fckl\u0259rinin Qaraba\u011fa giri\u015fl\u0259rini qada\u011fan ets\u0259, &#8230;&#8221; &#8211; <font color=red><b>Politoloq<\/b><\/font>"},"content":{"rendered":"<p><strong>T&uuml;rkiy\u0259nin xarici i\u015fl\u0259r naziri M&ouml;vlud &Ccedil;avu\u015fo\u011flu BMT sessiyas\u0131 &ccedil;\u0259r&ccedil;iv\u0259sind\u0259 Nyu-Yorkda \u0130ran\u0131n xarici i\u015fl\u0259r naziri H&uuml;seyn \u018fmirabdullahianla g&ouml;r&uuml;\u015f&uuml;b. M&ouml;vlud &Ccedil;avu\u015fo\u011flu v\u0259 H&uuml;seyn \u018fmirabdullahian Tehranda \u0130ran, Az\u0259rbaycan v\u0259 T&uuml;rkiy\u0259 xarici i\u015fl\u0259r nazirl\u0259rinin toplant\u0131s\u0131n\u0131n ke&ccedil;irilm\u0259sin\u0259 dair raz\u0131l\u0131q \u0259ld\u0259 edibl\u0259r.<\/strong><\/p>\n<p>Ucnoqta.az x\u0259b\u0259r verir ki, bu bar\u0259d\u0259 politoloq Elxan \u015eahino\u011flu bildirib. Elxan &Ccedil;ahino\u011flu bildirir ki,&nbsp;\u0130ran-Az\u0259rbaycan m&uuml;nasib\u0259tl\u0259rind\u0259 g\u0259rginlik davam edir:&nbsp;<br \/>\n&quot;Az\u0259rbaycan \u0130ranla m&uuml;nasib\u0259tl\u0259rd\u0259 problem ist\u0259mir. Ancaq \u0130ran y&uuml;kl\u0259ri Erm\u0259nistan &uuml;z\u0259rind\u0259n qanunsuz olaraq Qaraba\u011fa yanacaq da\u015f\u0131y\u0131rsa v\u0259 ali dini liderin \u018frd\u0259bild\u0259ki n&uuml;may\u0259nd\u0259si Seyid H\u0259s\u0259n Amuli Az\u0259rbaycan\u0131 h\u0259d\u0259l\u0259yirs\u0259, ayd\u0131nd\u0131r ki, bunlar cavabs\u0131z qalmayacaq. &Uuml;st\u0259g\u0259l Tehran T&uuml;rkiy\u0259-Az\u0259rbaycan h\u0259rbi ittifaq\u0131n\u0131 yanl\u0131\u015f olaraq &ouml;z&uuml; &uuml;&ccedil;&uuml;n t\u0259hl&uuml;k\u0259 sayaraq s\u0259rh\u0259dd\u0259 h\u0259rbi t\u0259liml\u0259r\u0259 ba\u015flay\u0131b. \u018flb\u0259tt\u0259, \u0130ran\u0131n harada t\u0259lim ke&ccedil;irm\u0259si daxili i\u015fidir. Ancaq bu halda haql\u0131 sual yaran\u0131r: Az\u0259rbaycan\u0131n s\u0259rh\u0259d b&ouml;lg\u0259l\u0259ri 27 il i\u015f\u011fal alt\u0131nda oldu\u011fu halda Araz\u0131n o tay\u0131nda h\u0259rbi t\u0259liml\u0259r ke&ccedil;irilm\u0259zk\u0259n, n\u0259d\u0259n torpaqlar i\u015f\u011faldan azad olunduqdan sonra Tehran h\u0259min m\u0259nt\u0259q\u0259d\u0259 t\u0259lim ke&ccedil;irm\u0259y\u0259 q\u0259rar verdi?&quot;<\/p>\n<p>Politoloq qeyd edir ki, m&ouml;vcud durum T&uuml;rkiy\u0259ni d\u0259 narahat edir:&nbsp;&quot;Ona g&ouml;r\u0259 &uuml;&ccedil;t\u0259r\u0259fli g&ouml;r&uuml;\u015f\u0259 ehtiyac yaran\u0131b ki, m\u0259s\u0259l\u0259l\u0259r\u0259 ayd\u0131nl\u0131q g\u0259tirilsin. \u018fslind\u0259 Az\u0259rbaycan-T&uuml;rkiy\u0259-\u0130ran &uuml;&ccedil;t\u0259r\u0259fli format\u0131 ill\u0259rdir m&ouml;vcuddur. Bu format \u0259sas\u0131nda xarici i\u015fl\u0259r nazirl\u0259rinin g&ouml;r&uuml;\u015f t\u0259\u015f\u0259bb&uuml;s&uuml; Tehrandan g\u0259lib ki, g&ouml;r&uuml;\u015f yeri kimi \u0130ran paytaxt\u0131 se&ccedil;ilib. Bu g&ouml;r&uuml;\u015f\u0259 q\u0259d\u0259r Tehran yanacaq dolu y&uuml;kl\u0259rinin Qaraba\u011fa giri\u015fl\u0259rini qada\u011fan ets\u0259, indid\u0259n m&uuml;sb\u0259t atmosfer yaratm\u0131\u015f olar. Dig\u0259r t\u0259r\u0259fd\u0259n Tehran n\u0259d\u0259ns\u0259 narahatd\u0131rsa, bunu Amulinin a\u015fa\u011f\u0131lay\u0131c\u0131 dili il\u0259 deyil diplomatlar\u0131n v\u0259 r\u0259smil\u0259rin g&ouml;r&uuml;\u015f&uuml;nd\u0259 s\u0259sl\u0259ndir\u0259 bil\u0259r.&quot;<\/p>\n<p>Elxan \u015eahino\u011flu \u0130ran-Az\u0259rbaycan m&uuml;nasib\u0259tl\u0259rind\u0259 suallar\u0131n he&ccedil; zaman azalmayaca\u011f\u0131n\u0131 deyir:&nbsp;&quot;&Ouml;n\u0259mli olan g&ouml;r&uuml;\u015fl\u0259r v\u0259 m&uuml;zakir\u0259l\u0259r vasit\u0259sil\u0259 iki qon\u015fu d&ouml;vl\u0259tin g\u0259rginliyi s&uuml;ni sur\u0259td\u0259 art\u0131r\u0131lmas\u0131na yol verm\u0259m\u0259kdir. Misal &uuml;&ccedil;&uuml;n \u0130ran s\u0259firin\u0259 Bak\u0131da veril\u0259n notadan sonra Qaraba\u011fa yen\u0259 y&uuml;k da\u015f\u0131maq v\u0259 ya Seyid Amulinin \u0259lin\u0259 m\u0259tn verib Az\u0259rbaycan\u0131 h\u0259d\u0259l\u0259m\u0259k g\u0259rginliyin s&uuml;ni sur\u0259td\u0259 art\u0131r\u0131lmas\u0131d\u0131r. Bu halda g\u0259rginliy\u0259 ya\u015f\u0131l i\u015f\u0131q yand\u0131ran\u0131n z\u0259r\u0259ri daha &ccedil;ox olacaq. Tehranda anlamal\u0131d\u0131rlar ki, Az\u0259rbaycan\u0131 h\u0259d\u0259l\u0259m\u0259yin, qorxutma\u011f\u0131n \u0130ran &uuml;&ccedil;&uuml;n \u0259ks-effekti olacaq.&quot;<\/p>\n<p><strong>Emin<\/strong><\/p>\n","protected":false},"excerpt":{"rendered":"<p>T&uuml;rkiy\u0259nin xarici i\u015fl\u0259r naziri M&ouml;vlud &Ccedil;avu\u015fo\u011flu BMT sessiyas\u0131 &ccedil;\u0259r&ccedil;iv\u0259sind\u0259 Nyu-Yorkda \u0130ran\u0131n xarici i\u015fl\u0259r naziri H&uuml;seyn \u018fmirabdullahianla g&ouml;r&uuml;\u015f&uuml;b. M&ouml;vlud &Ccedil;avu\u015fo\u011flu v\u0259 H&uuml;seyn \u018fmirabdullahian Tehranda \u0130ran, Az\u0259rbaycan v\u0259 T&uuml;rkiy\u0259 xarici i\u015fl\u0259r nazirl\u0259rinin&hellip;<\/p>\n","protected":false},"author":1,"featured_media":251278,"comment_status":"open","ping_status":"open","sticky":false,"template":"","format":"standard","meta":{"_lmt_disableupdate":"","_lmt_disable":"","footnotes":""},"categories":[86],"tags":[],"class_list":["post-129885","post","type-post","status-publish","format-standard","has-post-thumbnail","hentry","category-siyaset"],"_links":{"self":[{"href":"https:\/\/ucnoqta.az\/index.php?rest_route=\/wp\/v2\/posts\/129885","targetHints":{"allow":["GET"]}}],"collection":[{"href":"https:\/\/ucnoqta.az\/index.php?rest_route=\/wp\/v2\/posts"}],"about":[{"href":"https:\/\/ucnoqta.az\/index.php?rest_route=\/wp\/v2\/types\/post"}],"author":[{"embeddable":true,"href":"https:\/\/ucnoqta.az\/index.php?rest_route=\/wp\/v2\/users\/1"}],"replies":[{"embeddable":true,"href":"https:\/\/ucnoqta.az\/index.php?rest_route=%2Fwp%2Fv2%2Fcomments&post=129885"}],"version-history":[{"count":0,"href":"https:\/\/ucnoqta.az\/index.php?rest_route=\/wp\/v2\/posts\/129885\/revisions"}],"wp:featuredmedia":[{"embeddable":true,"href":"https:\/\/ucnoqta.az\/index.php?rest_route=\/wp\/v2\/media\/251278"}],"wp:attachment":[{"href":"https:\/\/ucnoqta.az\/index.php?rest_route=%2Fwp%2Fv2%2Fmedia&parent=129885"}],"wp:term":[{"taxonomy":"category","embeddable":true,"href":"https:\/\/ucnoqta.az\/index.php?rest_route=%2Fwp%2Fv2%2Fcategories&post=129885"},{"taxonomy":"post_tag","embeddable":true,"href":"https:\/\/ucnoqta.az\/index.php?rest_route=%2Fwp%2Fv2%2Ftags&post=129885"}],"curies":[{"name":"wp","href":"https:\/\/api.w.org\/{rel}","templated":true}]}}