{"id":129884,"date":"2021-09-23T12:42:48","date_gmt":"2021-09-23T08:42:48","guid":{"rendered":""},"modified":"-0001-11-30T00:00:00","modified_gmt":"-0001-11-29T20:00:00","slug":"","status":"publish","type":"post","link":"https:\/\/ucnoqta.az\/?p=129884","title":{"rendered":"&#8220;H\u0259ft\u0259sonlar\u0131 ictimai n\u0259qliyyat\u0131n i\u015fl\u0259m\u0259m\u0259sinin m\u0259ntiqi izah\u0131 yoxdur&#8221; &#8211; <font color=red><b>A\u00c7IQLAMA<\/b><\/font>"},"content":{"rendered":"<p><strong>Covid-19 pandemiyas\u0131n\u0131n &ouml;lk\u0259mizd\u0259 ba\u015flad\u0131\u011f\u0131 g&uuml;nd\u0259n 1 il 6 ay sonra &ndash; bu g&uuml;n \u0259n\u0259n\u0259vi t\u0259hsil d\u0259 b\u0259rpa olundu. Vaksinasiyan\u0131n s&uuml;r\u0259tl\u0259 h\u0259yata ke&ccedil;irilm\u0259si n\u0259tic\u0259sind\u0259 \u0259vv\u0259lki h\u0259yat\u0131m\u0131za d&ouml;nm\u0259y\u0259 ba\u015flay\u0131r\u0131q.<\/strong><\/p>\n<p>Lakin bir s\u0131ra qada\u011falar aradan qald\u0131r\u0131lsa da, h\u0259ft\u0259sonu ictimai n\u0259qliyyat\u0131n i\u015fl\u0259m\u0259m\u0259si il\u0259 ba\u011fl\u0131 veril\u0259n q\u0259rar h\u0259l\u0259 d\u0259 q&uuml;vv\u0259d\u0259dir. Bir s\u0131ra etirazlara baxmayaraq Nazirl\u0259r Kabineti yan\u0131nda Operativ Q\u0259rargah bu q\u0259rar\u0131 l\u0259\u011fv etmir.<\/p>\n<p>Ucnoqta.az x\u0259b\u0259r verir ki, Milli M\u0259clisin \u0130nsan h&uuml;quqlar\u0131 komit\u0259sinin &uuml;zv&uuml;, deputat Fazil Mustafa&nbsp;Bak\u0131vaxt\u0131.az-a bildirib ki, bu m\u0259s\u0259l\u0259ni deputatlar Milli M\u0259clisd\u0259 f\u0259rdi qaydada m&uuml;zakir\u0259 ed\u0259 bil\u0259r:<br \/>\n&ldquo;T\u0259bii ki, Operativ Q\u0259rargah prossesl\u0259ri t\u0259nziml\u0259m\u0259d\u0259 m&uuml;sb\u0259t add\u0131mlar at\u0131r. Lakin Q\u0259rargah\u0131n \u0259n b&ouml;y&uuml;k yanl\u0131\u015f\u0131 \u015f\u0259nb\u0259-bazar g&uuml;n&uuml; v\u0259t\u0259nda\u015flara verdiyi \u0259ziyy\u0259tdir. Bunu art\u0131q sanki bil\u0259r\u0259kd\u0259n edirl\u0259r. \u0130lk d&ouml;vrl\u0259rd\u0259 t\u0259cr&uuml;b\u0259 az idi, n\u0259yin faydal\u0131 olaca\u011f\u0131n\u0131 tapmaq bir az &ccedil;\u0259tin idi. Lakin bu g&uuml;n k&uuml;&ccedil;\u0259d\u0259 dezinfeksiya i\u015fl\u0259ri apar\u0131lsa g&uuml;lm\u0259li g&ouml;r&uuml;n\u0259r. \u015e\u0259nb\u0259-bazar g&uuml;n&uuml; ictimai n\u0259qliyyat\u0131n i\u015fl\u0259m\u0259m\u0259sinin he&ccedil; bir \u0259sas\u0131, m\u0259ntiqi izah\u0131 yoxdur. He&ccedil; izah\u0131n\u0131 ver\u0259 d\u0259 bilm\u0259zl\u0259r. &Ccedil;&uuml;nki burda virusun yay\u0131lmas\u0131 il\u0259 ba\u011fl\u0131 he&ccedil; bir problem yoxdur. C\u0259miyy\u0259td\u0259 ehtimallar var ki, bu q\u0259rardan taksi \u015firk\u0259tl\u0259rinin mara\u011f\u0131n\u0131 g&uuml;dm\u0259k &uuml;&ccedil;&uuml;n istifad\u0259 olunur v\u0259 yaxud m\u0259qs\u0259dy&ouml;nl&uuml; \u015f\u0259kild\u0259 v\u0259t\u0259nda\u015flar\u0131n yoxsulla\u015fmas\u0131na k&ouml;m\u0259k etm\u0259k ist\u0259yirl\u0259r. Ya da ola bilsin ki, el\u0259 bel\u0259 &#8211; kef havas\u0131na fikirl\u0259\u015firl\u0259r ki, bir az v\u0259t\u0259nda\u015f \u0259ziyy\u0259t &ccedil;\u0259ksin, biz d\u0259 penc\u0259r\u0259d\u0259n baxaq. Y\u0259ni bu, izah\u0131 olmayan bir davran\u0131\u015fd\u0131r. Sahibkarlar art\u0131q h\u0259r bir i\u015f&ccedil;isin\u0259 ayl\u0131q y&uuml;z manat \u0259lav\u0259 &ouml;d\u0259yir ki, i\u015f\u0259 taksi il\u0259 g\u0259lsin. Sahibkar on i\u015f&ccedil;isin\u0259 y&uuml;z manat &ouml;d\u0259s\u0259, aya min manat x\u0259rci &ccedil;\u0131x\u0131r. Ki&ccedil;ik bir ma\u011fazada min manat g\u0259lir g&ouml;t&uuml;rm\u0259k &ouml;z&uuml; q\u0259liz m\u0259s\u0259l\u0259dir. Yaxud \u015f\u0259nb\u0259 g&uuml;n&uuml; k&uuml;&ccedil;\u0259ni s&uuml;p&uuml;rm\u0259y\u0259 g\u0259l\u0259n s&uuml;p&uuml;rg\u0259&ccedil;i neyl\u0259sin? Suraxan\u0131dan Bak\u0131n\u0131n m\u0259rk\u0259zin\u0259 n\u0259 il\u0259 g\u0259lsin? Dey\u0259k ki, bu s&uuml;p&uuml;rg\u0259&ccedil;il\u0259rin taksi pulunu da ayr\u0131-ayr\u0131 idar\u0259 m&uuml;dirl\u0259ri, icra hakimiyy\u0259ti t\u0259msil&ccedil;il\u0259ri &ouml;d\u0259m\u0259li olurlar. Sabah da onlar\u0131n yaxas\u0131ndan yap\u0131\u015f\u0131r\u0131q ki, niy\u0259 r&uuml;\u015fv\u0259t al\u0131rs\u0131n\u0131z. Almas\u0131n neyl\u0259sin?&rdquo;<\/p>\n<p>Deputat qeyd edib ki, b&uuml;t&uuml;n sah\u0259l\u0259r &uuml;zr\u0259 olan i\u015f&ccedil;il\u0259r bu q\u0259rara g&ouml;r\u0259 \u0259ziyy\u0259t &ccedil;\u0259kir:<br \/>\n&ldquo;M&uuml;\u0259lliml\u0259rin &ccedil;oxunun ma\u015f\u0131n\u0131 yoxdur, m\u0259kt\u0259b\u0259 n\u0259 il\u0259 getsin? Az\u0259rbaycanda iki mind\u0259n &ccedil;ox dializ x\u0259st\u0259si olan insan var, x\u0259st\u0259xanaya nec\u0259 getsin? H\u0259kiml\u0259r, tibb i\u015f&ccedil;il\u0259ri i\u015fin\u0259 nec\u0259 getsin? Onlar n\u0259 maa\u015f al\u0131r ki, takisy\u0259 d\u0259 pul versinl\u0259r? &Ouml;lk\u0259d\u0259 xeyli sayda qad\u0131nlar var ki, taksiy\u0259 t\u0259k minmir. M&uuml;\u0259yy\u0259n m\u0259nada bu, mental bir ger&ccedil;\u0259klikdir. Onlar n\u0259 etsin? H\u0259m&ccedil;inin \u015f\u0259nb\u0259-bazar ictimai n\u0259qliyyat\u0131n i\u015fl\u0259m\u0259m\u0259si il\u0259 avtobus s&uuml;r&uuml;c&uuml;l\u0259ri v\u0259 metro i\u015f&ccedil;il\u0259ri d\u0259 \u0259ziyy\u0259t &ccedil;\u0259kir. Axmaq bir qayda il\u0259 h\u0259mi\u015f\u0259 davam etm\u0259liyik?! Televiziya v\u0259 media jurnalistl\u0259ri \u0259ziyy\u0259t &ccedil;\u0259kirl\u0259r. Bu, olduqca ciddi m\u0259s\u0259l\u0259dir. Y&uuml;zl\u0259rl\u0259 insan onsuz da pandemiyadan yorulmu\u015f, \u0259zilmi\u015f, kas\u0131blam\u0131\u015f v\u0259ziyy\u0259td\u0259 qal\u0131b. Y\u0259ni dem\u0259k ist\u0259diyim odur ki, b&uuml;t&uuml;n kateqoriyadan olan insanlar\u0131 bil\u0259r\u0259kd\u0259n zill\u0259t i&ccedil;in\u0259 sal\u0131rlar v\u0259 bunun da izah\u0131 yoxdur. M\u0259n bu m\u0259s\u0259l\u0259y\u0259 q\u0259ti etiraz\u0131m\u0131 bildirir\u0259m. Hesab edir\u0259m ki, bu c&uuml;r yanl\u0131\u015f q\u0259rardan, m\u0259hz bu h\u0259ft\u0259sonundan yay\u0131nmaq laz\u0131md\u0131r. D&uuml;\u015f&uuml;n&uuml;r\u0259m ki, &ouml;lk\u0259 r\u0259hb\u0259ri d\u0259 bu m\u0259s\u0259l\u0259y\u0259 m&uuml;daxil\u0259 etm\u0259lidir. Bu art\u0131q virusla ba\u011fl\u0131 m\u0259s\u0259l\u0259 deyil, v\u0259t\u0259nda\u015fa \u0259ziyy\u0259t verm\u0259kdir. \u018fn ac\u0131nacaql\u0131 durum is\u0259 odur ki, T\u0259hsil naziri deyir ki, m\u0259n m\u0259kt\u0259bl\u0259rd\u0259 baxd\u0131m, ham\u0131 ma\u015f\u0131nla g\u0259lir. Bunlar\u0131n he&ccedil; m&uuml;\u0259llimin d\u0259 v\u0259ziyy\u0259tind\u0259n x\u0259b\u0259ri yoxdur. M&uuml;\u0259llimin ayda maa\u015f\u0131n\u0131n yar\u0131s\u0131n\u0131 taksiy\u0259 verm\u0259lidir? H\u0259l\u0259 bunu anlam\u0131rlar bunlar. \u0130nsanlar\u0131 bu \u0259ziyy\u0259td\u0259n qurtarmaq laz\u0131md\u0131r&rdquo;.<\/p>\n","protected":false},"excerpt":{"rendered":"<p>Covid-19 pandemiyas\u0131n\u0131n &ouml;lk\u0259mizd\u0259 ba\u015flad\u0131\u011f\u0131 g&uuml;nd\u0259n 1 il 6 ay sonra &ndash; bu g&uuml;n \u0259n\u0259n\u0259vi t\u0259hsil d\u0259 b\u0259rpa olundu. Vaksinasiyan\u0131n s&uuml;r\u0259tl\u0259 h\u0259yata ke&ccedil;irilm\u0259si n\u0259tic\u0259sind\u0259 \u0259vv\u0259lki h\u0259yat\u0131m\u0131za d&ouml;nm\u0259y\u0259 ba\u015flay\u0131r\u0131q. Lakin bir s\u0131ra&hellip;<\/p>\n","protected":false},"author":1,"featured_media":251278,"comment_status":"open","ping_status":"open","sticky":false,"template":"","format":"standard","meta":{"_lmt_disableupdate":"","_lmt_disable":"","footnotes":""},"categories":[101],"tags":[],"class_list":["post-129884","post","type-post","status-publish","format-standard","has-post-thumbnail","hentry","category-cemiyyet"],"_links":{"self":[{"href":"https:\/\/ucnoqta.az\/index.php?rest_route=\/wp\/v2\/posts\/129884","targetHints":{"allow":["GET"]}}],"collection":[{"href":"https:\/\/ucnoqta.az\/index.php?rest_route=\/wp\/v2\/posts"}],"about":[{"href":"https:\/\/ucnoqta.az\/index.php?rest_route=\/wp\/v2\/types\/post"}],"author":[{"embeddable":true,"href":"https:\/\/ucnoqta.az\/index.php?rest_route=\/wp\/v2\/users\/1"}],"replies":[{"embeddable":true,"href":"https:\/\/ucnoqta.az\/index.php?rest_route=%2Fwp%2Fv2%2Fcomments&post=129884"}],"version-history":[{"count":0,"href":"https:\/\/ucnoqta.az\/index.php?rest_route=\/wp\/v2\/posts\/129884\/revisions"}],"wp:featuredmedia":[{"embeddable":true,"href":"https:\/\/ucnoqta.az\/index.php?rest_route=\/wp\/v2\/media\/251278"}],"wp:attachment":[{"href":"https:\/\/ucnoqta.az\/index.php?rest_route=%2Fwp%2Fv2%2Fmedia&parent=129884"}],"wp:term":[{"taxonomy":"category","embeddable":true,"href":"https:\/\/ucnoqta.az\/index.php?rest_route=%2Fwp%2Fv2%2Fcategories&post=129884"},{"taxonomy":"post_tag","embeddable":true,"href":"https:\/\/ucnoqta.az\/index.php?rest_route=%2Fwp%2Fv2%2Ftags&post=129884"}],"curies":[{"name":"wp","href":"https:\/\/api.w.org\/{rel}","templated":true}]}}