{"id":129866,"date":"2021-09-23T09:54:28","date_gmt":"2021-09-23T05:54:28","guid":{"rendered":""},"modified":"-0001-11-30T00:00:00","modified_gmt":"-0001-11-29T20:00:00","slug":"","status":"publish","type":"post","link":"https:\/\/ucnoqta.az\/?p=129866","title":{"rendered":"K\u00fcrd\u0259mird\u0259 qad\u0131na qar\u015f\u0131 soy\u011fun\u00e7uluq ed\u0259n 4 n\u0259f\u0259r saxlan\u0131l\u0131b &#8211;<font color=red><b> Foto<\/b><\/font>"},"content":{"rendered":"<p><strong>A\u011fsu rayon sakini olan bir qad\u0131n K&uuml;rd\u0259mir Rayon Polis \u015e&ouml;b\u0259sin\u0259 \u0259riz\u0259 il\u0259 m&uuml;raci\u0259t ed\u0259r\u0259k rayonun Yeni \u015e\u0131x\u0131ml\u0131 k\u0259ndi \u0259razisind\u0259 tan\u0131mad\u0131\u011f\u0131 4 n\u0259f\u0259r \u015f\u0259xsin onun \u0259l-qolunu tutaraq, zor t\u0259tbiq etm\u0259kl\u0259 &ccedil;antas\u0131ndan bir \u0259d\u0259d mobil telefonunu v\u0259 83 manat pulunu apard\u0131qlar\u0131n\u0131 bildirib.<\/strong><\/p>\n<p>Daxili \u0130\u015fl\u0259r Nazirliyinin m\u0259tbuat xidm\u0259tinin \u015eirvan regional qrupundan&nbsp;Ucnoqta.az-a veril\u0259n m\u0259lumata g&ouml;r\u0259, \u015f&ouml;b\u0259 \u0259m\u0259kda\u015flar\u0131 t\u0259r\u0259find\u0259n ke&ccedil;iril\u0259n \u0259m\u0259liyyat-axtar\u0131\u015f t\u0259dbirl\u0259ri n\u0259tic\u0259sind\u0259 soy\u011fun&ccedil;uluq hadis\u0259sini t&ouml;r\u0259tm\u0259kd\u0259 \u015f&uuml;bh\u0259li bilin\u0259n Yeni \u015e\u0131x\u0131ml\u0131 k\u0259nd sakini d&ouml;rd g\u0259nc, \u0259vv\u0259ll\u0259r m\u0259hkum olunmu\u015f Lo\u011fman \u015e\u0131xaliyev v\u0259 Amil S\u0259midov, Sam\u0259ddin H\u0259midov v\u0259 bir yeniyetm\u0259 saxlan\u0131l\u0131b.<\/p>\n<p>Dindirilm\u0259 zaman\u0131 saxlan\u0131lan \u015f\u0259xsl\u0259r qabaqcadan \u0259lbir olaraq tamah m\u0259qs\u0259dil\u0259 qeyd edil\u0259n hadis\u0259ni t&ouml;r\u0259tdikl\u0259rini etiraf edibl\u0259r.<\/p>\n<p>Faktla K&uuml;rd\u0259mir RP\u015e-nin \u0130stintaq B&ouml;lm\u0259sind\u0259 Az\u0259rbaycan Respublikas\u0131 CM-nin 180.2.1-ci v\u0259 180.2.4-c&uuml; madd\u0259l\u0259ri il\u0259 cinay\u0259t i\u015fi ba\u015flan\u0131l\u0131b, ibtidai istintaq apar\u0131l\u0131r.<\/p>\n","protected":false},"excerpt":{"rendered":"<p>A\u011fsu rayon sakini olan bir qad\u0131n K&uuml;rd\u0259mir Rayon Polis \u015e&ouml;b\u0259sin\u0259 \u0259riz\u0259 il\u0259 m&uuml;raci\u0259t ed\u0259r\u0259k rayonun Yeni \u015e\u0131x\u0131ml\u0131 k\u0259ndi \u0259razisind\u0259 tan\u0131mad\u0131\u011f\u0131 4 n\u0259f\u0259r \u015f\u0259xsin onun \u0259l-qolunu tutaraq, zor t\u0259tbiq etm\u0259kl\u0259 &ccedil;antas\u0131ndan&hellip;<\/p>\n","protected":false},"author":1,"featured_media":251278,"comment_status":"open","ping_status":"open","sticky":false,"template":"","format":"standard","meta":{"_lmt_disableupdate":"","_lmt_disable":"","footnotes":""},"categories":[],"tags":[],"class_list":["post-129866","post","type-post","status-publish","format-standard","has-post-thumbnail","hentry"],"_links":{"self":[{"href":"https:\/\/ucnoqta.az\/index.php?rest_route=\/wp\/v2\/posts\/129866","targetHints":{"allow":["GET"]}}],"collection":[{"href":"https:\/\/ucnoqta.az\/index.php?rest_route=\/wp\/v2\/posts"}],"about":[{"href":"https:\/\/ucnoqta.az\/index.php?rest_route=\/wp\/v2\/types\/post"}],"author":[{"embeddable":true,"href":"https:\/\/ucnoqta.az\/index.php?rest_route=\/wp\/v2\/users\/1"}],"replies":[{"embeddable":true,"href":"https:\/\/ucnoqta.az\/index.php?rest_route=%2Fwp%2Fv2%2Fcomments&post=129866"}],"version-history":[{"count":0,"href":"https:\/\/ucnoqta.az\/index.php?rest_route=\/wp\/v2\/posts\/129866\/revisions"}],"wp:featuredmedia":[{"embeddable":true,"href":"https:\/\/ucnoqta.az\/index.php?rest_route=\/wp\/v2\/media\/251278"}],"wp:attachment":[{"href":"https:\/\/ucnoqta.az\/index.php?rest_route=%2Fwp%2Fv2%2Fmedia&parent=129866"}],"wp:term":[{"taxonomy":"category","embeddable":true,"href":"https:\/\/ucnoqta.az\/index.php?rest_route=%2Fwp%2Fv2%2Fcategories&post=129866"},{"taxonomy":"post_tag","embeddable":true,"href":"https:\/\/ucnoqta.az\/index.php?rest_route=%2Fwp%2Fv2%2Ftags&post=129866"}],"curies":[{"name":"wp","href":"https:\/\/api.w.org\/{rel}","templated":true}]}}