{"id":129860,"date":"2021-09-23T08:44:41","date_gmt":"2021-09-23T04:44:41","guid":{"rendered":""},"modified":"-0001-11-30T00:00:00","modified_gmt":"-0001-11-29T20:00:00","slug":"","status":"publish","type":"post","link":"https:\/\/ucnoqta.az\/?p=129860","title":{"rendered":"Bak\u0131da taksi s\u00fcr\u00fcc\u00fcs\u00fc ofisiant\u0131 q\u0259tl\u0259 yetirib, qarda\u015f\u0131n\u0131 is\u0259 b\u0131\u00e7aqlay\u0131b &#8211; <font color=red><b>FOTO<\/b><\/font>"},"content":{"rendered":"<p><strong>Bak\u0131da taksi s&uuml;r&uuml;c&uuml;s&uuml; ofisiant\u0131 q\u0259tl\u0259 yetirib, onun qarda\u015f\u0131n\u0131 is\u0259 b\u0131&ccedil;aqlay\u0131b.<\/strong><\/p>\n<p>Ucnoqta.az Apa-ya istinad\u0259n x\u0259b\u0259r verir ki, hadis\u0259 Qarada\u011f rayonunda ba\u015f verib.<br \/>\nL&ouml;kbatan q\u0259s\u0259b\u0259si, 28 May k&uuml;&ccedil;\u0259sind\u0259 qeyd\u0259 al\u0131nm\u0131\u015f hadis\u0259 zaman\u0131 taksi s&uuml;r&uuml;c&uuml;s&uuml; 1998-ci il t\u0259v\u0259ll&uuml;dl&uuml; C\u0259f\u0259rov Kamil M\u0259h\u0259mm\u0259d o\u011flunu v\u0259 onun qarda\u015f\u0131, 2001-ci il t\u0259v\u0259ll&uuml;dl&uuml; C\u0259f\u0259rov Samir M\u0259h\u0259mm\u0259d o\u011flunu b\u0131&ccedil;aqlay\u0131b. Qarda\u015flar ara k&uuml;&ccedil;\u0259d\u0259n \u0259sas yola &ccedil;\u0131xaraq \u0259trafdak\u0131lardan k&ouml;m\u0259k ist\u0259m\u0259y\u0259 &ccedil;al\u0131\u015f\u0131b. Lakin K.C\u0259f\u0259rov qanaxmadan yolda d&uuml;nyas\u0131n\u0131 d\u0259yi\u015fib. S.C\u0259f\u0259rov is\u0259 hadis\u0259 \u015fahidl\u0259rinin k&ouml;m\u0259kliyi il\u0259 x\u0259st\u0259xanaya &ccedil;atd\u0131r\u0131l\u0131b.<\/p>\n<p>Qeyd ed\u0259k ki, h\u0259r iki qarda\u015f L&ouml;kbatanda ia\u015f\u0259 obyektind\u0259 ofisiant i\u015fl\u0259yib.<\/p>\n","protected":false},"excerpt":{"rendered":"<p>Bak\u0131da taksi s&uuml;r&uuml;c&uuml;s&uuml; ofisiant\u0131 q\u0259tl\u0259 yetirib, onun qarda\u015f\u0131n\u0131 is\u0259 b\u0131&ccedil;aqlay\u0131b. Ucnoqta.az Apa-ya istinad\u0259n x\u0259b\u0259r verir ki, hadis\u0259 Qarada\u011f rayonunda ba\u015f verib. L&ouml;kbatan q\u0259s\u0259b\u0259si, 28 May k&uuml;&ccedil;\u0259sind\u0259 qeyd\u0259 al\u0131nm\u0131\u015f hadis\u0259 zaman\u0131&hellip;<\/p>\n","protected":false},"author":1,"featured_media":251278,"comment_status":"open","ping_status":"open","sticky":false,"template":"","format":"standard","meta":{"_lmt_disableupdate":"","_lmt_disable":"","footnotes":""},"categories":[],"tags":[],"class_list":["post-129860","post","type-post","status-publish","format-standard","has-post-thumbnail","hentry"],"_links":{"self":[{"href":"https:\/\/ucnoqta.az\/index.php?rest_route=\/wp\/v2\/posts\/129860","targetHints":{"allow":["GET"]}}],"collection":[{"href":"https:\/\/ucnoqta.az\/index.php?rest_route=\/wp\/v2\/posts"}],"about":[{"href":"https:\/\/ucnoqta.az\/index.php?rest_route=\/wp\/v2\/types\/post"}],"author":[{"embeddable":true,"href":"https:\/\/ucnoqta.az\/index.php?rest_route=\/wp\/v2\/users\/1"}],"replies":[{"embeddable":true,"href":"https:\/\/ucnoqta.az\/index.php?rest_route=%2Fwp%2Fv2%2Fcomments&post=129860"}],"version-history":[{"count":0,"href":"https:\/\/ucnoqta.az\/index.php?rest_route=\/wp\/v2\/posts\/129860\/revisions"}],"wp:featuredmedia":[{"embeddable":true,"href":"https:\/\/ucnoqta.az\/index.php?rest_route=\/wp\/v2\/media\/251278"}],"wp:attachment":[{"href":"https:\/\/ucnoqta.az\/index.php?rest_route=%2Fwp%2Fv2%2Fmedia&parent=129860"}],"wp:term":[{"taxonomy":"category","embeddable":true,"href":"https:\/\/ucnoqta.az\/index.php?rest_route=%2Fwp%2Fv2%2Fcategories&post=129860"},{"taxonomy":"post_tag","embeddable":true,"href":"https:\/\/ucnoqta.az\/index.php?rest_route=%2Fwp%2Fv2%2Ftags&post=129860"}],"curies":[{"name":"wp","href":"https:\/\/api.w.org\/{rel}","templated":true}]}}