{"id":129846,"date":"2021-09-22T20:26:51","date_gmt":"2021-09-22T16:26:51","guid":{"rendered":""},"modified":"-0001-11-30T00:00:00","modified_gmt":"-0001-11-29T20:00:00","slug":"","status":"publish","type":"post","link":"https:\/\/ucnoqta.az\/?p=129846","title":{"rendered":"Bu il \u0259lilliyi olan 4600 \u015f\u0259xs\u0259 reabilitasiya xidm\u0259tl\u0259ri g\u00f6st\u0259rilib"},"content":{"rendered":"<p><strong>Az\u0259rbaycanda k&ouml;m\u0259k&ccedil;i texnologiyalar (reabilitasiya vasit\u0259l\u0259ri, o c&uuml;ml\u0259d\u0259n t\u0259k\u0259rli oturacaqlar, e\u015fitm\u0259 cihazlar\u0131, protezl\u0259r, eyn\u0259kl\u0259r v\u0259 s.) il\u0259 t\u0259minat sistemi ild\u0259n-il\u0259 g&uuml;cl\u0259ndirilir.<\/strong><\/p>\n<p>Bu fikir &Uuml;mumd&uuml;nya S\u0259hiyy\u0259 T\u0259\u015fkilat\u0131 (&Uuml;ST) n&uuml;may\u0259nd\u0259l\u0259ri il\u0259 bu g&uuml;n ke&ccedil;iril\u0259n g&ouml;r&uuml;\u015fd\u0259 bildirilib.<br \/>\n\u018fm\u0259k v\u0259 \u0259halinin sosial m&uuml;dafi\u0259si naziri Sahil Babayev Prezident \u0130lham \u018fliyevin \u0259lilliyi olan \u015f\u0259xsl\u0259r\u0259 x&uuml;susi qay\u011f\u0131s\u0131n\u0131 vur\u011fulay\u0131b. Nazir bu kateqoriyadan olan \u015f\u0259xsl\u0259rin sosial m&uuml;dafi\u0259sinin g&uuml;cl\u0259ndirilm\u0259si v\u0259 reabilitasiya imkanlar\u0131n\u0131n art\u0131r\u0131lmas\u0131 &uuml;&ccedil;&uuml;n at\u0131lan m&uuml;h&uuml;m add\u0131mlar\u0131 diqq\u0259t\u0259 &ccedil;atd\u0131r\u0131b. O, son iki ild\u0259 12 reabilitasiya v\u0259 sosial xidm\u0259t m&uuml;\u0259ssis\u0259sinin \u0259sasl\u0131 t\u0259mir v\u0259 yenid\u0259nqurmadan sonra m&uuml;asir avadanl\u0131qlarla t\u0259chiz olunmu\u015f \u015f\u0259kild\u0259 istifad\u0259y\u0259 verildiyini, bu il u\u015faqlar &uuml;&ccedil;&uuml;n b&ouml;lg\u0259l\u0259rd\u0259 iki reabilitasiya m\u0259rk\u0259zinin d\u0259 a&ccedil;\u0131laca\u011f\u0131n\u0131 deyib.<\/p>\n<p>S.Babayev cari ilin 8 ay\u0131nda reabilitasiya m&uuml;\u0259ssis\u0259l\u0259rind\u0259 \u0259lilliyi olan 4600 \u015f\u0259xs\u0259 reabilitasiya xidm\u0259tl\u0259ri g&ouml;st\u0259rildiyini, 7 min \u015f\u0259xs\u0259 30 min reabilitasiya vasit\u0259si t\u0259qdim edildiyini bildirib. &Ouml;t\u0259n ilin dekabr ay\u0131ndan y&uuml;ks\u0259k texnologiyal\u0131 protezl\u0259rl\u0259 t\u0259minata ba\u015fland\u0131\u011f\u0131n\u0131, V\u0259t\u0259n m&uuml;harib\u0259si \u0259lill\u0259rind\u0259n art\u0131q 142 h\u0259rb&ccedil;inin son n\u0259sil elektron protezl\u0259rl\u0259 t\u0259min olundu\u011funu qeyd edib.<\/p>\n<p>D&ouml;vl\u0259t b&uuml;dc\u0259si hesab\u0131na veril\u0259n reabilitasiya vasit\u0259l\u0259rinin n&ouml;vl\u0259rinin siyah\u0131s\u0131na &ouml;t\u0259n il 23 yeni n&ouml;v&uuml;n d\u0259 daxil edildiyini bildir\u0259n nazir siyah\u0131dak\u0131 reabilitasiya vasit\u0259l\u0259ri n&ouml;vl\u0259rinin say\u0131n\u0131n art\u0131q 57-y\u0259 &ccedil;atd\u0131\u011f\u0131n\u0131 diqq\u0259t\u0259 &ccedil;atd\u0131r\u0131b.<\/p>\n<p>S.Babayev \u0259lillik v\u0259 reabilitasiya sah\u0259l\u0259rind\u0259 islahatlarda, o c&uuml;ml\u0259d\u0259n \u0259lilliyin qiym\u0259tl\u0259ndirilm\u0259si meyarlar\u0131n\u0131n qabaqc\u0131l beyn\u0259lxalq t\u0259cr&uuml;b\u0259 \u0259sas\u0131nda t\u0259kmill\u0259\u015fdirilm\u0259sind\u0259 &Uuml;ST il\u0259 f\u0259al \u0259m\u0259kda\u015fl\u0131\u011f\u0131n &ouml;n\u0259mini vur\u011fulay\u0131b. Bildirib ki, m&ouml;vcud \u0259m\u0259kda\u015fl\u0131q g&uuml;nd\u0259liyind\u0259 &ouml;lk\u0259mizd\u0259 k&ouml;m\u0259k&ccedil;i texnologiyalar &#8211; reabilitasiya vasit\u0259l\u0259ri il\u0259 t\u0259minat sisteminin g&uuml;cl\u0259ndirilm\u0259si v\u0259 \u0259hat\u0259sinin geni\u015fl\u0259ndirilm\u0259si, \u0259lilliyi olan \u015f\u0259xsl\u0259rl\u0259 yana\u015f\u0131, dig\u0259r kateqoriyalara aid \u015f\u0259xsl\u0259rin (o c&uuml;ml\u0259d\u0259n ya\u015fl\u0131lar\u0131n, xroniki x\u0259st\u0259likl\u0259ri olan insanlar\u0131n, yaralanm\u0131\u015f \u015f\u0259xsl\u0259rin v\u0259 b.) ehtiyaclar\u0131na uy\u011fun h\u0259min vasit\u0259l\u0259r\u0259 \u0259l&ccedil;atanl\u0131\u011f\u0131n\u0131n art\u0131r\u0131lmas\u0131 da m&uuml;h&uuml;m yer tutur. Bununla ba\u011fl\u0131 ehtiyaclar s\u0259viyy\u0259si, t\u0259l\u0259bat v\u0259 t\u0259klif haqq\u0131nda m\u0259lumatlar bazas\u0131n\u0131n formala\u015fmas\u0131 &uuml;&ccedil;&uuml;n qiym\u0259tl\u0259ndirm\u0259l\u0259r, habel\u0259 prioritet k&ouml;m\u0259k&ccedil;i reabilitasiya vasit\u0259l\u0259rinin milli siyah\u0131s\u0131n\u0131n haz\u0131rlanmas\u0131 i\u015fl\u0259ri apar\u0131l\u0131r.<\/p>\n<p>S\u0259hiyy\u0259 nazirinin m&uuml;avini R\u0259him \u018fliyev v\u0259 &Uuml;ST-in Az\u0259rbaycandak\u0131 N&uuml;may\u0259nd\u0259liyinin r\u0259hb\u0259ri xan\u0131m Hande Harmanc\u0131 fikirl\u0259rini b&ouml;l&uuml;\u015f&uuml;bl\u0259r. K&ouml;m\u0259k&ccedil;i texnologiyalar, reabilitasiya vasit\u0259l\u0259rin\u0259 \u0259l&ccedil;atanl\u0131\u011f\u0131n m&uuml;vafiq kateqoriyalardan olan \u015f\u0259xsl\u0259rin &ouml;z funksionall\u0131\u011f\u0131n\u0131, sa\u011flaml\u0131\u011f\u0131n\u0131 v\u0259 rifah\u0131n\u0131 qorumalar\u0131nda &ouml;n\u0259mi, bu vasit\u0259l\u0259r\u0259 ehtiyaclar\u0131n m&uuml;\u0259yy\u0259n edilm\u0259si &uuml;&ccedil;&uuml;n apar\u0131lan qiym\u0259tl\u0259ndirm\u0259nin \u0259h\u0259miyy\u0259ti vur\u011fulan\u0131b.<\/p>\n<p>G&ouml;r&uuml;\u015fd\u0259 qeyd edil\u0259n qiym\u0259tl\u0259ndirm\u0259 &uuml;zr\u0259 apar\u0131lan i\u015fl\u0259rin n\u0259tic\u0259l\u0259ri m&uuml;zakir\u0259 olunub.<\/p>\n","protected":false},"excerpt":{"rendered":"<p>Az\u0259rbaycanda k&ouml;m\u0259k&ccedil;i texnologiyalar (reabilitasiya vasit\u0259l\u0259ri, o c&uuml;ml\u0259d\u0259n t\u0259k\u0259rli oturacaqlar, e\u015fitm\u0259 cihazlar\u0131, protezl\u0259r, eyn\u0259kl\u0259r v\u0259 s.) il\u0259 t\u0259minat sistemi ild\u0259n-il\u0259 g&uuml;cl\u0259ndirilir. Bu fikir &Uuml;mumd&uuml;nya S\u0259hiyy\u0259 T\u0259\u015fkilat\u0131 (&Uuml;ST) n&uuml;may\u0259nd\u0259l\u0259ri il\u0259 bu g&uuml;n&hellip;<\/p>\n","protected":false},"author":1,"featured_media":251278,"comment_status":"open","ping_status":"open","sticky":false,"template":"","format":"standard","meta":{"_lmt_disableupdate":"","_lmt_disable":"","footnotes":""},"categories":[101],"tags":[],"class_list":["post-129846","post","type-post","status-publish","format-standard","has-post-thumbnail","hentry","category-cemiyyet"],"_links":{"self":[{"href":"https:\/\/ucnoqta.az\/index.php?rest_route=\/wp\/v2\/posts\/129846","targetHints":{"allow":["GET"]}}],"collection":[{"href":"https:\/\/ucnoqta.az\/index.php?rest_route=\/wp\/v2\/posts"}],"about":[{"href":"https:\/\/ucnoqta.az\/index.php?rest_route=\/wp\/v2\/types\/post"}],"author":[{"embeddable":true,"href":"https:\/\/ucnoqta.az\/index.php?rest_route=\/wp\/v2\/users\/1"}],"replies":[{"embeddable":true,"href":"https:\/\/ucnoqta.az\/index.php?rest_route=%2Fwp%2Fv2%2Fcomments&post=129846"}],"version-history":[{"count":0,"href":"https:\/\/ucnoqta.az\/index.php?rest_route=\/wp\/v2\/posts\/129846\/revisions"}],"wp:featuredmedia":[{"embeddable":true,"href":"https:\/\/ucnoqta.az\/index.php?rest_route=\/wp\/v2\/media\/251278"}],"wp:attachment":[{"href":"https:\/\/ucnoqta.az\/index.php?rest_route=%2Fwp%2Fv2%2Fmedia&parent=129846"}],"wp:term":[{"taxonomy":"category","embeddable":true,"href":"https:\/\/ucnoqta.az\/index.php?rest_route=%2Fwp%2Fv2%2Fcategories&post=129846"},{"taxonomy":"post_tag","embeddable":true,"href":"https:\/\/ucnoqta.az\/index.php?rest_route=%2Fwp%2Fv2%2Ftags&post=129846"}],"curies":[{"name":"wp","href":"https:\/\/api.w.org\/{rel}","templated":true}]}}