{"id":129840,"date":"2021-09-22T18:54:43","date_gmt":"2021-09-22T14:54:43","guid":{"rendered":""},"modified":"-0001-11-30T00:00:00","modified_gmt":"-0001-11-29T20:00:00","slug":"","status":"publish","type":"post","link":"https:\/\/ucnoqta.az\/?p=129840","title":{"rendered":"&#8220;Erm\u0259nistan ir\u0259lil\u0259yi\u015fin qar\u015f\u0131s\u0131n\u0131 alma\u011fa c\u0259hd edir&#8221; &#8211; <font color=red><b>X\u0130N ba\u015f\u00e7\u0131s\u0131<\/b><\/font>"},"content":{"rendered":"<p><strong>&quot;M&uuml;naqi\u015f\u0259nin h\u0259lli Erm\u0259nistanla Az\u0259rbaycan aras\u0131ndak\u0131 m&uuml;nasib\u0259tl\u0259rin normalla\u015fmas\u0131 il\u0259 regional \u0259m\u0259kda\u015fl\u0131q, inki\u015faf v\u0259 rifah &uuml;&ccedil;&uuml;n yeni imkanlar a&ccedil;\u0131r. 10 Noyabr 2020-ci il tarixli birg\u0259 b\u0259yanat, x&uuml;susil\u0259 b&ouml;lg\u0259d\u0259 kommunikasiyalar\u0131n a&ccedil;\u0131lmas\u0131n\u0131 n\u0259z\u0259rd\u0259 tutan 11 yanvar 2021-ci il tarixli &uuml;&ccedil;t\u0259r\u0259fli Az\u0259rbaycan-Rusiya-Erm\u0259nistan b\u0259yanat\u0131 il\u0259 tamamland\u0131&quot;.<\/strong><\/p>\n<p>Bu fikirl\u0259ri Az\u0259rbaycan\u0131n xarici i\u015fl\u0259r naziri Ceyhun Bayramov GUAM Xarici \u0130\u015fl\u0259r Nazirl\u0259ri \u015euras\u0131n\u0131n 37-ci iclas\u0131nda &ccedil;\u0131x\u0131\u015f\u0131nda deyib.<\/p>\n<p>Onun s&ouml;zl\u0259rin\u0259 g&ouml;r\u0259, Az\u0259rbaycan, Erm\u0259nistan v\u0259 Rusiya b&ouml;lg\u0259d\u0259 n\u0259qliyyat kommunikasiyalar\u0131n\u0131n a&ccedil;\u0131lmas\u0131 &uuml;&ccedil;&uuml;n konkret istiqam\u0259tl\u0259r &uuml;z\u0259rind\u0259 i\u015fl\u0259m\u0259y\u0259 ba\u015flad\u0131lar: &quot;\u018flaq\u0259l\u0259rin yenid\u0259n canland\u0131r\u0131lmas\u0131 Erm\u0259nistan v\u0259 Az\u0259rbaycan &uuml;z\u0259rind\u0259n ticar\u0259t v\u0259 n\u0259qliyyat\u0131 \u0259h\u0259miyy\u0259tli d\u0259r\u0259c\u0259d\u0259 s&uuml;r\u0259tl\u0259ndir\u0259c\u0259k v\u0259 bu h\u0259m bu &ouml;lk\u0259l\u0259r\u0259, h\u0259m d\u0259 t\u0259r\u0259fda\u015flar\u0131m\u0131za fayda ver\u0259c\u0259k. Bu, normalla\u015fman\u0131n \u0259h\u0259miyy\u0259tli bir faktoru olacaq v\u0259 b&ouml;lg\u0259d\u0259 v\u0259 ondan k\u0259narda davaml\u0131 s&uuml;lh&uuml;n v\u0259 sabitliyin t\u0259min edilm\u0259si &uuml;&ccedil;&uuml;n \u015f\u0259raitin yarad\u0131lmas\u0131nda m&uuml;sb\u0259t rol oynayacaq&quot;.<\/p>\n<p>&quot;Kommunikasiyalar\u0131n a&ccedil;\u0131l\u0131\u015f\u0131 m\u0259s\u0259l\u0259si il\u0259 m\u0259\u015f\u011ful olan &uuml;&ccedil;t\u0259r\u0259fli i\u015f&ccedil;i qrupu b&ouml;lg\u0259d\u0259 konkret istiqam\u0259tl\u0259r &uuml;z\u0259rind\u0259 i\u015f\u0259 ba\u015flad\u0131. Kommunikasiyalar\u0131n a&ccedil;\u0131lmas\u0131n\u0131n m&uuml;h&uuml;m v\u0259 m&uuml;mk&uuml;n bir ir\u0259lil\u0259yi\u015f ola bil\u0259c\u0259yin\u0259 baxmayaraq, Erm\u0259nistan dan\u0131\u015f\u0131qlar\u0131 \u0259ng\u0259ll\u0259m\u0259k v\u0259 gecikdirm\u0259 taktikas\u0131na \u0259l ataraq ir\u0259lil\u0259yi\u015fin qar\u015f\u0131s\u0131n\u0131 alma\u011fa c\u0259hd edir. Biz konstruktiv olaraq prosesd\u0259 i\u015ftirak edirik v\u0259 m\u0259s\u0259l\u0259 il\u0259 m\u0259\u015f\u011ful olmaqda davam edirik. Ayd\u0131nd\u0131r ki, kommunikasiyalar\u0131n yenid\u0259n canland\u0131r\u0131lmas\u0131 h\u0259m bu &ouml;lk\u0259l\u0259rin, h\u0259m d\u0259 t\u0259r\u0259fda\u015flar\u0131m\u0131z\u0131n xeyrin\u0259 Erm\u0259nistan v\u0259 Az\u0259rbaycan &uuml;z\u0259rind\u0259n ticar\u0259t v\u0259 n\u0259qliyyat\u0131 \u0259h\u0259miyy\u0259tli d\u0259r\u0259c\u0259d\u0259 art\u0131racaqd\u0131r. Bu, normalla\u015fman\u0131n \u0259h\u0259miyy\u0259tli bir faktoru olacaq v\u0259 b&ouml;lg\u0259d\u0259 v\u0259 ondan k\u0259narda davaml\u0131 s&uuml;lh&uuml;n v\u0259 sabitliyin t\u0259min edilm\u0259si &uuml;&ccedil;&uuml;n \u015f\u0259raitin yarad\u0131lmas\u0131nda m&uuml;sb\u0259t rol oynayacaq&quot;, &#8211; nazir bildirib.\/\/\/report<\/p>\n","protected":false},"excerpt":{"rendered":"<p>&quot;M&uuml;naqi\u015f\u0259nin h\u0259lli Erm\u0259nistanla Az\u0259rbaycan aras\u0131ndak\u0131 m&uuml;nasib\u0259tl\u0259rin normalla\u015fmas\u0131 il\u0259 regional \u0259m\u0259kda\u015fl\u0131q, inki\u015faf v\u0259 rifah &uuml;&ccedil;&uuml;n yeni imkanlar a&ccedil;\u0131r. 10 Noyabr 2020-ci il tarixli birg\u0259 b\u0259yanat, x&uuml;susil\u0259 b&ouml;lg\u0259d\u0259 kommunikasiyalar\u0131n a&ccedil;\u0131lmas\u0131n\u0131 n\u0259z\u0259rd\u0259 tutan&hellip;<\/p>\n","protected":false},"author":1,"featured_media":251278,"comment_status":"open","ping_status":"open","sticky":false,"template":"","format":"standard","meta":{"_lmt_disableupdate":"","_lmt_disable":"","footnotes":""},"categories":[],"tags":[],"class_list":["post-129840","post","type-post","status-publish","format-standard","has-post-thumbnail","hentry"],"_links":{"self":[{"href":"https:\/\/ucnoqta.az\/index.php?rest_route=\/wp\/v2\/posts\/129840","targetHints":{"allow":["GET"]}}],"collection":[{"href":"https:\/\/ucnoqta.az\/index.php?rest_route=\/wp\/v2\/posts"}],"about":[{"href":"https:\/\/ucnoqta.az\/index.php?rest_route=\/wp\/v2\/types\/post"}],"author":[{"embeddable":true,"href":"https:\/\/ucnoqta.az\/index.php?rest_route=\/wp\/v2\/users\/1"}],"replies":[{"embeddable":true,"href":"https:\/\/ucnoqta.az\/index.php?rest_route=%2Fwp%2Fv2%2Fcomments&post=129840"}],"version-history":[{"count":0,"href":"https:\/\/ucnoqta.az\/index.php?rest_route=\/wp\/v2\/posts\/129840\/revisions"}],"wp:featuredmedia":[{"embeddable":true,"href":"https:\/\/ucnoqta.az\/index.php?rest_route=\/wp\/v2\/media\/251278"}],"wp:attachment":[{"href":"https:\/\/ucnoqta.az\/index.php?rest_route=%2Fwp%2Fv2%2Fmedia&parent=129840"}],"wp:term":[{"taxonomy":"category","embeddable":true,"href":"https:\/\/ucnoqta.az\/index.php?rest_route=%2Fwp%2Fv2%2Fcategories&post=129840"},{"taxonomy":"post_tag","embeddable":true,"href":"https:\/\/ucnoqta.az\/index.php?rest_route=%2Fwp%2Fv2%2Ftags&post=129840"}],"curies":[{"name":"wp","href":"https:\/\/api.w.org\/{rel}","templated":true}]}}