{"id":129828,"date":"2021-09-22T17:09:36","date_gmt":"2021-09-22T13:09:36","guid":{"rendered":""},"modified":"-0001-11-30T00:00:00","modified_gmt":"-0001-11-29T20:00:00","slug":"","status":"publish","type":"post","link":"https:\/\/ucnoqta.az\/?p=129828","title":{"rendered":"\u0130lham \u018fliyev BMT Ba\u015f Assambleyas\u0131n\u0131n sessiyas\u0131nda \u00e7\u0131x\u0131\u015f ed\u0259c\u0259k"},"content":{"rendered":"<p><strong>Sentyabr\u0131n 14-d\u0259 BMT Ba\u015f Assambleyas\u0131n\u0131n (BA) n&ouml;vb\u0259ti, 76-c\u0131 sessiyas\u0131 &ouml;z i\u015fin\u0259 ba\u015flay\u0131b.<\/strong><\/p>\n<p>&nbsp;Maldiv adalar\u0131n\u0131n xarici i\u015fl\u0259r naziri Abdulla \u015eahid BMT BA-n\u0131n 76-c\u0131 sessiyas\u0131n\u0131n prezidenti se&ccedil;ilib. Bununla da BMT BA-n\u0131n 75-a sessiyas\u0131n\u0131n prezidenti Volkan Bozk\u0131r\u0131n (T&uuml;rkiy\u0259) s\u0259lahiyy\u0259tl\u0259ri ba\u015fa &ccedil;at\u0131b.<\/p>\n<p>\u018fn\u0259n\u0259vi olaraq, sessiya &ccedil;\u0259r&ccedil;iv\u0259sind\u0259 y&uuml;ks\u0259ks\u0259viyy\u0259li &uuml;mumi m&uuml;zakir\u0259l\u0259r ke&ccedil;iril\u0259c\u0259k. D&ouml;vl\u0259t v\u0259 h&ouml;kum\u0259t ba\u015f&ccedil;\u0131lar\u0131n\u0131n i\u015ftirak\u0131 n\u0259z\u0259rd\u0259 tutulan &uuml;mumi m&uuml;zakir\u0259l\u0259r sentyabr\u0131n 21-d\u0259n ba\u015flay\u0131b v\u0259 sentyabr\u0131n 27-d\u0259k davam ed\u0259c\u0259k.<\/p>\n<p>M&uuml;zakir\u0259l\u0259rin \u0259vv\u0259lind\u0259 BMT-nin Ba\u015f katibi Antonio Quterre\u015f illik hesabat\u0131n\u0131 t\u0259qdim edib. Hesabatda beyn\u0259lxalq s&uuml;lh v\u0259 t\u0259hl&uuml;k\u0259sizliyin qorunmas\u0131, dayan\u0131ql\u0131 inki\u015faf, insan h&uuml;quqlar\u0131n\u0131n m&uuml;dafi\u0259si v\u0259 t\u0259\u015fviqi, h\u0259m&ccedil;inin dig\u0259r &ouml;n\u0259mli m\u0259s\u0259l\u0259l\u0259r\u0259 toxunulur.<\/p>\n<p>Pandemiya il\u0259 \u0259laq\u0259dar bu il &uuml;mumi m&uuml;zakir\u0259l\u0259r seqmentinin hibrid formada, y\u0259ni h\u0259m fiziki i\u015ftirak, h\u0259m d\u0259 virtual (videom&uuml;raci\u0259t) formada olmas\u0131 n\u0259z\u0259rd\u0259 tutulub. Bu ilki &uuml;mumi m&uuml;zakir\u0259l\u0259rin m&ouml;vzusu bel\u0259dir: &quot;&Uuml;mid vasit\u0259sil\u0259 m&uuml;qavim\u0259tin g&uuml;cl\u0259ndirilm\u0259si: COVID-19-dan sonra b\u0259rpa, dayan\u0131ql\u0131\u011f\u0131n yenid\u0259n qurulmas\u0131, planetin ehtiyaclar\u0131n\u0131n cavaland\u0131r\u0131lmas\u0131, insan h&uuml;quqlar\u0131na h&ouml;rm\u0259t v\u0259 BMT-nin canland\u0131r\u0131lmas\u0131&rdquo;.<\/p>\n<p>&Uuml;mumi m&uuml;zakir\u0259l\u0259r BMT BA-n\u0131n \u0259n &ouml;n\u0259mli seqmentl\u0259rind\u0259n biridir. Bel\u0259 ki, qlobal platforma olan BMT BA-n\u0131n bu m&ouml;t\u0259b\u0259r k&uuml;rs&uuml;s&uuml;nd\u0259n d&ouml;vl\u0259t v\u0259 h&ouml;kum\u0259t ba\u015f&ccedil;\u0131lar\u0131 ist\u0259r milli, ist\u0259rs\u0259 d\u0259 beyn\u0259lxalq g&uuml;nd\u0259likd\u0259 duran m\u0259s\u0259l\u0259l\u0259rl\u0259 ba\u011fl\u0131 &ouml;z bax\u0131\u015flar\u0131n\u0131, d&ouml;vl\u0259tl\u0259rinin siyas\u0259tl\u0259rini d&uuml;nya ictimaiyy\u0259tinin diqq\u0259tin\u0259 &ccedil;atd\u0131r\u0131rlar.<\/p>\n<p>M&uuml;zakir\u0259l\u0259rd\u0259 Az\u0259rbaycan Prezident \u0130lham \u018fliyevin, T&uuml;rkiy\u0259 Prezidenti R\u0259c\u0259b Tayyib \u018frdo\u011fan\u0131n, AB\u015e Prezident Cozef Baydenin, &Ccedil;in Xalq Respublikas\u0131n\u0131n S\u0259dri Si Cinpinin v\u0259 bir &ccedil;ox dig\u0259r d&ouml;vl\u0259t v\u0259 h&ouml;kum\u0259t ba\u015f&ccedil;\u0131lar\u0131n\u0131n &ccedil;\u0131x\u0131\u015flar\u0131 g&ouml;zl\u0259nilir. Bu il m&uuml;zakir\u0259l\u0259r zaman\u0131 d&ouml;vl\u0259t v\u0259 h&ouml;kum\u0259t ba\u015f&ccedil;\u0131lar\u0131 t\u0259r\u0259find\u0259n \u0259sas\u0259n COVID-19 pandemiyas\u0131, beyn\u0259lxalq s&uuml;lh v\u0259 t\u0259hl&uuml;k\u0259sizlik, \u018ffqan\u0131standa v\u0259ziyy\u0259t, dayan\u0131ql\u0131 inki\u015faf, iqlim d\u0259yi\u015fikliyi v\u0259 dig\u0259r &ouml;n\u0259mli m\u0259s\u0259l\u0259l\u0259r\u0259 toxunulaca\u011f\u0131 g&ouml;zl\u0259nilir.<\/p>\n<p>&Uuml;mumi m&uuml;zakir\u0259l\u0259r &ccedil;\u0259r&ccedil;iv\u0259sind\u0259 sentyabr\u0131n 23-d\u0259 Az\u0259rbaycan Respublikas\u0131n\u0131n Prezidenti \u0130lham \u018fliyevin videom&uuml;raci\u0259t format\u0131nda &ccedil;\u0131x\u0131\u015f\u0131 n\u0259z\u0259rd\u0259 tutulub. BMT BA-n\u0131n bu ilki &uuml;mumi m&uuml;zakir\u0259l\u0259ri &ouml;lk\u0259miz &uuml;&ccedil;&uuml;n x&uuml;susi &ouml;n\u0259m k\u0259sb edir. Bel\u0259 ki, Az\u0259rbaycan\u0131n V\u0259t\u0259n m&uuml;harib\u0259sind\u0259 \u015fanl\u0131 Q\u0259l\u0259b\u0259sind\u0259n sonra Prezident \u0130lham \u018fliyev d&uuml;nya ictimaiyy\u0259tin\u0259 M&uuml;z\u0259ff\u0259r Ali Ba\u015f Komandan kimi m&uuml;raci\u0259t ed\u0259c\u0259k, qalib Az\u0259rbaycan xalq\u0131n\u0131 t\u0259msil ed\u0259c\u0259k.<\/p>\n<p>&nbsp;<\/p>\n","protected":false},"excerpt":{"rendered":"<p>Sentyabr\u0131n 14-d\u0259 BMT Ba\u015f Assambleyas\u0131n\u0131n (BA) n&ouml;vb\u0259ti, 76-c\u0131 sessiyas\u0131 &ouml;z i\u015fin\u0259 ba\u015flay\u0131b. &nbsp;Maldiv adalar\u0131n\u0131n xarici i\u015fl\u0259r naziri Abdulla \u015eahid BMT BA-n\u0131n 76-c\u0131 sessiyas\u0131n\u0131n prezidenti se&ccedil;ilib. Bununla da BMT BA-n\u0131n 75-a&hellip;<\/p>\n","protected":false},"author":1,"featured_media":251278,"comment_status":"open","ping_status":"open","sticky":false,"template":"","format":"standard","meta":{"_lmt_disableupdate":"","_lmt_disable":"","footnotes":""},"categories":[],"tags":[],"class_list":["post-129828","post","type-post","status-publish","format-standard","has-post-thumbnail","hentry"],"_links":{"self":[{"href":"https:\/\/ucnoqta.az\/index.php?rest_route=\/wp\/v2\/posts\/129828","targetHints":{"allow":["GET"]}}],"collection":[{"href":"https:\/\/ucnoqta.az\/index.php?rest_route=\/wp\/v2\/posts"}],"about":[{"href":"https:\/\/ucnoqta.az\/index.php?rest_route=\/wp\/v2\/types\/post"}],"author":[{"embeddable":true,"href":"https:\/\/ucnoqta.az\/index.php?rest_route=\/wp\/v2\/users\/1"}],"replies":[{"embeddable":true,"href":"https:\/\/ucnoqta.az\/index.php?rest_route=%2Fwp%2Fv2%2Fcomments&post=129828"}],"version-history":[{"count":0,"href":"https:\/\/ucnoqta.az\/index.php?rest_route=\/wp\/v2\/posts\/129828\/revisions"}],"wp:featuredmedia":[{"embeddable":true,"href":"https:\/\/ucnoqta.az\/index.php?rest_route=\/wp\/v2\/media\/251278"}],"wp:attachment":[{"href":"https:\/\/ucnoqta.az\/index.php?rest_route=%2Fwp%2Fv2%2Fmedia&parent=129828"}],"wp:term":[{"taxonomy":"category","embeddable":true,"href":"https:\/\/ucnoqta.az\/index.php?rest_route=%2Fwp%2Fv2%2Fcategories&post=129828"},{"taxonomy":"post_tag","embeddable":true,"href":"https:\/\/ucnoqta.az\/index.php?rest_route=%2Fwp%2Fv2%2Ftags&post=129828"}],"curies":[{"name":"wp","href":"https:\/\/api.w.org\/{rel}","templated":true}]}}