{"id":129368,"date":"2021-09-17T00:24:12","date_gmt":"2021-09-16T20:24:12","guid":{"rendered":""},"modified":"-0001-11-30T00:00:00","modified_gmt":"-0001-11-29T20:00:00","slug":"","status":"publish","type":"post","link":"https:\/\/ucnoqta.az\/?p=129368","title":{"rendered":"Vanqan\u0131n he\u00e7 vaxt a\u00e7\u0131qlanmayan <font color=red><b>PROQNOZU<\/b><\/font>"},"content":{"rendered":"<p><strong>Vanqa 25 il \u0259vv\u0259l Bolqar\u0131stan\u0131n k\u0259ndind\u0259 &ouml;l&uuml;b v\u0259 proqnozlar\u0131 zaman ke&ccedil;dikc\u0259 a&ccedil;\u0131qlan\u0131b.<\/strong><\/p>\n<p>Ucnoqta.az x\u0259b\u0259r verir&nbsp;ki, bu yax\u0131nlarda onun&nbsp;qohumu he&ccedil; kimin e\u015fitm\u0259diyi bir \u015feyi s&ouml;yl\u0259yib.<br \/>\nYax\u0131nlarda Ukraynan\u0131n ICTV telekanal\u0131 m\u0259\u015fhur Vanqan\u0131n &ouml;l&uuml;m&uuml;n&uuml;n 25 illiyi il\u0259 ba\u011fl\u0131 s&uuml;jet yay\u0131b. Orada Bolqar\u0131stan\u0131n G&uuml;n\u0259\u015fli sahil \u015f\u0259h\u0259rind\u0259 ya\u015fayan qarda\u015f\u0131 o\u011flu Oqnan Stoyanov i\u015ftirak edib.<\/p>\n<p>O, reportyorla s&ouml;hb\u0259tind\u0259 he&ccedil; kimin indiy\u0259 q\u0259d\u0259r qohumunun &ouml;nc\u0259g&ouml;rm\u0259si haqda dan\u0131\u015f\u0131b.&nbsp;<\/p>\n<p>&ldquo;G\u0259l\u0259c\u0259k haqq\u0131nda deyib ki, vaxt g\u0259l\u0259c\u0259k paltarlar insanlar\u0131n ist\u0259yi il\u0259 r\u0259ngini d\u0259yi\u015f\u0259c\u0259k, evl\u0259rin divarlar\u0131\u0131n\u0131n f\u0259rqli \u015f\u0259ffafl\u0131\u011f\u0131&nbsp;insanlar\u0131n ist\u0259yi il\u0259 olacaq. Yollar\u0131n g&ouml;yd\u0259 olaca\u011f\u0131 zaman g\u0259l\u0259c\u0259k&rdquo;, &#8211; Oqnan Stoyanov vur\u011fulay\u0131b.<\/p>\n<p>Vanqan\u0131n qarda\u015f\u0131 o\u011flu fal&ccedil;\u0131n\u0131n n\u0259 dem\u0259k ist\u0259diyini izah etm\u0259yib. Ancaq onun dem\u0259sind\u0259n bel\u0259 n\u0259tic\u0259y\u0259 g\u0259lm\u0259k olur ki, bolqar qad\u0131n g\u0259l\u0259c\u0259yin texnologiyas\u0131n\u0131 n\u0259z\u0259rd\u0259 tutub.&nbsp;<\/p>\n<p>Xat\u0131rladaq ki, Vanqa bir &ccedil;ox proqnozlar\u0131 il\u0259 m\u0259\u015fhurla\u015f\u0131b. Kor qar\u0131 Bolqar\u0131standa \u0259sl milli s\u0259rv\u0259t hesab olunur.<\/p>\n","protected":false},"excerpt":{"rendered":"<p>Vanqa 25 il \u0259vv\u0259l Bolqar\u0131stan\u0131n k\u0259ndind\u0259 &ouml;l&uuml;b v\u0259 proqnozlar\u0131 zaman ke&ccedil;dikc\u0259 a&ccedil;\u0131qlan\u0131b. Ucnoqta.az x\u0259b\u0259r verir&nbsp;ki, bu yax\u0131nlarda onun&nbsp;qohumu he&ccedil; kimin e\u015fitm\u0259diyi bir \u015feyi s&ouml;yl\u0259yib. Yax\u0131nlarda Ukraynan\u0131n ICTV telekanal\u0131 m\u0259\u015fhur Vanqan\u0131n&hellip;<\/p>\n","protected":false},"author":1,"featured_media":251278,"comment_status":"open","ping_status":"open","sticky":false,"template":"","format":"standard","meta":{"_lmt_disableupdate":"","_lmt_disable":"","footnotes":""},"categories":[100],"tags":[],"class_list":["post-129368","post","type-post","status-publish","format-standard","has-post-thumbnail","hentry","category-diger"],"_links":{"self":[{"href":"https:\/\/ucnoqta.az\/index.php?rest_route=\/wp\/v2\/posts\/129368","targetHints":{"allow":["GET"]}}],"collection":[{"href":"https:\/\/ucnoqta.az\/index.php?rest_route=\/wp\/v2\/posts"}],"about":[{"href":"https:\/\/ucnoqta.az\/index.php?rest_route=\/wp\/v2\/types\/post"}],"author":[{"embeddable":true,"href":"https:\/\/ucnoqta.az\/index.php?rest_route=\/wp\/v2\/users\/1"}],"replies":[{"embeddable":true,"href":"https:\/\/ucnoqta.az\/index.php?rest_route=%2Fwp%2Fv2%2Fcomments&post=129368"}],"version-history":[{"count":0,"href":"https:\/\/ucnoqta.az\/index.php?rest_route=\/wp\/v2\/posts\/129368\/revisions"}],"wp:featuredmedia":[{"embeddable":true,"href":"https:\/\/ucnoqta.az\/index.php?rest_route=\/wp\/v2\/media\/251278"}],"wp:attachment":[{"href":"https:\/\/ucnoqta.az\/index.php?rest_route=%2Fwp%2Fv2%2Fmedia&parent=129368"}],"wp:term":[{"taxonomy":"category","embeddable":true,"href":"https:\/\/ucnoqta.az\/index.php?rest_route=%2Fwp%2Fv2%2Fcategories&post=129368"},{"taxonomy":"post_tag","embeddable":true,"href":"https:\/\/ucnoqta.az\/index.php?rest_route=%2Fwp%2Fv2%2Ftags&post=129368"}],"curies":[{"name":"wp","href":"https:\/\/api.w.org\/{rel}","templated":true}]}}